{"id":1537,"date":"2018-05-12T10:37:34","date_gmt":"2018-05-12T08:37:34","guid":{"rendered":"https:\/\/www.ashestolife.es\/?p=1537"},"modified":"2026-03-31T00:17:09","modified_gmt":"2026-03-30T22:17:09","slug":"sabiduria-del-bosque-y-su-nocion-del-tiempo","status":"publish","type":"post","link":"https:\/\/www.ashestolife.es\/en\/sabiduria-del-bosque-y-su-nocion-del-tiempo\/","title":{"rendered":"SABIDUR\u00cdA DEL BOSQUE Y SU NOCI\u00d3N DEL TIEMPO"},"content":{"rendered":"<p><strong>Los seres vivos<\/strong>, al margen de nuestra condici\u00f3n de personas, \u00e1rboles, plantas, como miembros pertenecientes a la madre naturaleza,\u00a0<strong>disponemos de un reloj biol\u00f3gico<\/strong>, familiarmente conocido, como \u201cnoci\u00f3n del tiempo\u201d. Y no funciona a pilas, sino por pura qu\u00edmica. Una qu\u00edmica, capaz de regular con precisi\u00f3n los niveles hormonales, el sue\u00f1o, la temperatura corporal y el metabolismo en unos, y los cambios de \u00e1nimo, el cansancio seg\u00fan la estaci\u00f3n en otros. Y dado que esta qu\u00edmica es aplicable a todos los seres vivos, podemos hablar de la sabidur\u00eda del bosque y su \u201cnoci\u00f3n del tiempo\u201d si lo aplicamos a los entornos forestales.<\/p>\n<p>&nbsp;<\/p>\n<p>Cuando nuestros estilos de vida, ritmos, etc se alteran, el reloj biol\u00f3gico se desajusta y se hacen presentes ciertas enfermedades. Por ejemplo, a finales de verano, el cansancio provocado por las altas temperaturas lleva a los bosques a transformar su colorido como preludi\u00f3 de su necesidad de descansar; y sus hojas, comienzan a caer. Ellos padecen las inclemencias del tiempo, sus cambios bruscos mientras nosotros padecemos tambi\u00e9n por las decisiones unilaterales de unas pocas personas dirigidas a alterar el normal curso de las manecillas de nuestros relojes del tic-tac que a su vez confunden nuestros relojes biol\u00f3gicos.<\/p>\n<p>&nbsp;<\/p>\n<p>En otras palabras\u2026 todos los seres vivos y cada uno de nuestros \u00f3rganos tenemos memoria y da la impresi\u00f3n de que, \u00e1rboles y personas recogen en su <strong>memoria cultural y\/o gen\u00e9tica<\/strong> esa expresi\u00f3n de que \u201cuna golondrina no hace verano\u201d.<\/p>\n<p>&nbsp;<\/p>\n<p style=\"text-align: center;\"><iframe loading=\"lazy\" src=\"https:\/\/www.youtube.com\/embed\/xrD8DPnccjE?rel=0&amp;showinfo=0\" width=\"770\" height=\"433\" frameborder=\"0\" allowfullscreen=\"allowfullscreen\"><\/iframe><\/p>\n<p>&nbsp;<\/p>\n<p>&nbsp;<\/p>\n<h2>EL TIEMPO EN LA NATURALEZA<\/h2>\n<p>&nbsp;<\/p>\n<p>Esa memoria gen\u00e9tica acumulada se manifiesta en mil y una maneras de sabidur\u00eda tanto popular como de la naturaleza. Y de ella se sirve para estar en condiciones de responder inteligente y pr\u00e1cticamente a las variaciones climatol\u00f3gicas y\/o sociales.<\/p>\n<p>&nbsp;<\/p>\n<p>Por ejemplo, al igual que los osos pardos, los \u00e1rboles o las personas, todos hacemos acopio de sol y otras sustancias de reserva llenando nuestros tejidos de nutrientes hasta dejarlos \u201ca tope\u201d. Alacenas y despensas se llenan para estar en condiciones de iniciar el cambio de estaci\u00f3n y prepararse para el invierno.<\/p>\n<p>&nbsp;<\/p>\n<p>&nbsp;<\/p>\n<p>Su sabidur\u00eda es tan notable que les permite reconocer que las temperaturas en ascenso se corresponden con la primavera y en descenso forman parte del oto\u00f1o que se aproxima. Por lo que especies aut\u00f3ctonas como el roble y el haya se adaptan al ritmo contrario del hemisferio sur, cuando por ejemplo, dichos \u00e1rboles, son exportados al hemisferio sur. Hecho que confirmar\u00eda que esos fant\u00e1sticos seres adem\u00e1s de memoria biol\u00f3gica, ductilidad e inteligencia son sabios al servirse de su noci\u00f3n del tiempo para ajustar su follaje y proteger a sus descendientes. Ellos saben y deciden, si las semillas caen al sue\u00f1o en oto\u00f1o, o deben germinar inmediatamente, evitando as\u00ed se congelen sus tiernos plantones y libr\u00e1ndose de ser alimento de los corzos en los fr\u00edos d\u00edas de invierno. Tambi\u00e9n saben esperar hasta la pr\u00f3xima primavera para brotar como el resto de las especies.<\/p>\n<p>&nbsp;<\/p>\n<p>&nbsp;<\/p>\n<p><img loading=\"lazy\" decoding=\"async\" class=\"aligncenter wp-image-1540 size-full\" title=\"Sabidur\u00eda del bosque y su noci\u00f3n del tiempo | ASHES TO LIFE\" src=\"https:\/\/www.ashestolife.es\/wp-content\/uploads\/2018\/06\/Brotes-Bosque.jpg\" alt=\"Especies aut\u00f3ctonas brotando\" width=\"770\" height=\"513\" srcset=\"https:\/\/www.ashestolife.es\/wp-content\/uploads\/2018\/06\/Brotes-Bosque.jpg 770w, https:\/\/www.ashestolife.es\/wp-content\/uploads\/2018\/06\/Brotes-Bosque-670x446.jpg 670w, https:\/\/www.ashestolife.es\/wp-content\/uploads\/2018\/06\/Brotes-Bosque-250x167.jpg 250w, https:\/\/www.ashestolife.es\/wp-content\/uploads\/2018\/06\/Brotes-Bosque-768x512.jpg 768w, https:\/\/www.ashestolife.es\/wp-content\/uploads\/2018\/06\/Brotes-Bosque-345x230.jpg 345w, https:\/\/www.ashestolife.es\/wp-content\/uploads\/2018\/06\/Brotes-Bosque-370x247.jpg 370w, https:\/\/www.ashestolife.es\/wp-content\/uploads\/2018\/06\/Brotes-Bosque-440x294.jpg 440w, https:\/\/www.ashestolife.es\/wp-content\/uploads\/2018\/06\/Brotes-Bosque-570x380.jpg 570w, https:\/\/www.ashestolife.es\/wp-content\/uploads\/2018\/06\/Brotes-Bosque-170x113.jpg 170w, https:\/\/www.ashestolife.es\/wp-content\/uploads\/2018\/06\/Brotes-Bosque-600x400.jpg 600w\" sizes=\"auto, (max-width: 770px) 100vw, 770px\" \/><\/p>\n<p>&nbsp;<\/p>\n<p>&nbsp;<\/p>\n<p>En los \u00e1rboles, el sue\u00f1o tiene un efecto similar al que tiene en los humanos. Este es el motivo por el que robles o hayas plantados en macetas en nuestras casas no pueden sobrevivir. En tan limitado espacio no puede reposar, por lo que generalmente mueren incluso, en el primer a\u00f1o. Una demostraci\u00f3n clara de la sabidur\u00eda del bosque y su &#8220;noci\u00f3n del tiempo&#8221;.<\/p>\n<p>&nbsp;<\/p>\n<p>&nbsp;<\/p>\n<p>ASHES TO LIFE y su <a href=\"https:\/\/www.ashestolife.es\/\"><strong>proyecto medioambiental<\/strong><\/a>\u00a0-a medida que ha incrementado su estudio e investigaci\u00f3n en la b\u00fasqueda de alternativas capaces de paliar los da\u00f1os m\u00faltiples de los incendios forestales-, ha ido tambi\u00e9n aprendiendo a reconocer, respetar y amar los <strong>\u00e1rboles<\/strong> y el <strong>bosque<\/strong>.<\/p>\n<p>&nbsp;<\/p>\n<p><strong>ASHES TO LIFE #CuidaTuPielYlaDelPlaneta<\/strong><\/p>\n<p><span style=\"border-top-left-radius: 2px; border-top-right-radius: 2px; border-bottom-right-radius: 2px; border-bottom-left-radius: 2px; text-indent: 20px; width: auto; padding: 0px 4px 0px 0px; text-align: center; font-style: normal; font-variant: normal; font-weight: bold; font-size: 11px; line-height: 20px; font-family: 'Helvetica Neue', Helvetica, sans-serif; color: #ffffff; background-image: url(data:image\/svg+xml; base64,phn2zyb4bwxucz0iahr0cdovl3d3dy53my5vcmcvmjawmc9zdmciighlawdodd0imzbwecigd2lkdgg9ijmwchgiihzpzxdcb3g9ii0xic0xidmxidmxij48zz48cgf0acbkpsjnmjkundq5lde0ljy2mibdmjkundq5ldiyljcymiaymi44njgsmjkumju2ide0ljc1ldi5lji1nibdni42mzismjkumju2idaumduxldiyljcymiawlja1mswxnc42njigqzaumduxldyunjaxidyunjmyldaumdy3ide0ljc1ldaumdy3iemymi44njgsmc4wnjcgmjkundq5ldyunjaxidi5ljq0oswxnc42njiiigzpbgw9iinmzmyiihn0cm9rzt0ii2zmziigc3ryb2tllxdpzhropsixij48l3bhdgg+phbhdgggzd0itte0ljczmywxljy4nibdny41mtysms42odygms42njusny40otugms42njusmtqunjyyiemxljy2nswymc4xntkgns4xmdksmjquodu0idkuotcsmjyunzq0iem5ljg1niwyns43mtggos43ntmsmjqumtqzidewljaxniwymy4wmjigqzewlji1mywymi4wmsaxms41ndgsmtyuntcyidexlju0ocwxni41nzigqzexlju0ocwxni41nzigmteumtu3lde1ljc5nsaxms4xntcsmtqunjq2iemxms4xntcsmtiuodqyideyljixmswxms40otugmtmuntiyldexljq5nsbdmtqunjm3ldexljq5nsaxns4xnzusmtiumzi2ide1lje3nswxmy4zmjmgqze1lje3nswxnc40mzygmtqundyylde2ljegmtqumdkzlde3ljy0mybdmtmunzg1lde4ljkznsaxnc43ndusmtkuotg4ide2ljayocwxos45odggqze4ljm1mswxos45odggmjaumtm2lde3lju1niaymc4xmzysmtqumdq2iemymc4xmzysmtauotm5ide3ljg4ocw4ljc2nyaxnc42nzgsoc43njcgqzewljk1osw4ljc2nya4ljc3nywxms41mzygoc43nzcsmtqumzk4iem4ljc3nywxns41mtmgos4ymswxni43mdkgos43ndksmtcumzu5iem5ljg1niwxny40odggos44nzismtcunia5ljg0lde3ljczmsbdos43ndesmtgumtqxidkuntismtkumdizidkundc3lde5ljiwmybdos40miwxos40nca5lji4ocwxos40otegos4wncwxos4znzygqzcunda4lde4ljyymia2ljm4nywxni4yntigni4zodcsmtqumzq5iem2ljm4nywxmc4yntygos4zodmsni40otcgmtuumdiyldyundk3iemxos41ntusni40otcgmjmumdc4ldkunza1idizlja3ocwxmy45otegqzizlja3ocwxoc40njmgmjaumjm5ldiylja2miaxni4yotcsmjiumdyyiemxnc45nzmsmjiumdyyidezljcyocwyms4znzkgmtmumzayldiwlju3mibdmtmumzayldiwlju3miaxmi42ndcsmjmumdugmtiundg4ldizljy1nybdmtiumtkzldi0ljc4ncaxms4zotysmjyumtk2idewljg2mywyny4wntggqzeylja4niwyny40mzqgmtmumzg2ldi3ljyznyaxnc43mzmsmjcunjm3iemyms45nswyny42mzcgmjcuodaxldixljgyocayny44mdesmtqunjyyiemyny44mdesny40otugmjeuotusms42odygmtqunzmzldeunjg2iibmawxspsijymqwodfjij48l3bhdgg+pc9npjwvc3znpg==); background-color: #bd081c; background-size: 14px; position: absolute; opacity: 1; z-index: 8675309; display: none; cursor: pointer; border: none; -webkit-font-smoothing: antialiased; top: 1263px; left: 114px; background-position: 3px 50%; background-repeat: no-repeat no-repeat;\">Guardar<\/span><span style=\"border-top-left-radius: 2px; border-top-right-radius: 2px; border-bottom-right-radius: 2px; border-bottom-left-radius: 2px; text-indent: 20px; width: auto; padding: 0px 4px 0px 0px; text-align: center; font-style: normal; font-variant: normal; font-weight: bold; font-size: 11px; line-height: 20px; font-family: 'Helvetica Neue', Helvetica, sans-serif; color: #ffffff; background-image: url(data:image\/svg+xml; base64,phn2zyb4bwxucz0iahr0cdovl3d3dy53my5vcmcvmjawmc9zdmciighlawdodd0imzbwecigd2lkdgg9ijmwchgiihzpzxdcb3g9ii0xic0xidmxidmxij48zz48cgf0acbkpsjnmjkundq5lde0ljy2mibdmjkundq5ldiyljcymiaymi44njgsmjkumju2ide0ljc1ldi5lji1nibdni42mzismjkumju2idaumduxldiyljcymiawlja1mswxnc42njigqzaumduxldyunjaxidyunjmyldaumdy3ide0ljc1ldaumdy3iemymi44njgsmc4wnjcgmjkundq5ldyunjaxidi5ljq0oswxnc42njiiigzpbgw9iinmzmyiihn0cm9rzt0ii2zmziigc3ryb2tllxdpzhropsixij48l3bhdgg+phbhdgggzd0itte0ljczmywxljy4nibdny41mtysms42odygms42njusny40otugms42njusmtqunjyyiemxljy2nswymc4xntkgns4xmdksmjquodu0idkuotcsmjyunzq0iem5ljg1niwyns43mtggos43ntmsmjqumtqzidewljaxniwymy4wmjigqzewlji1mywymi4wmsaxms41ndgsmtyuntcyidexlju0ocwxni41nzigqzexlju0ocwxni41nzigmteumtu3lde1ljc5nsaxms4xntcsmtqunjq2iemxms4xntcsmtiuodqyideyljixmswxms40otugmtmuntiyldexljq5nsbdmtqunjm3ldexljq5nsaxns4xnzusmtiumzi2ide1lje3nswxmy4zmjmgqze1lje3nswxnc40mzygmtqundyylde2ljegmtqumdkzlde3ljy0mybdmtmunzg1lde4ljkznsaxnc43ndusmtkuotg4ide2ljayocwxos45odggqze4ljm1mswxos45odggmjaumtm2lde3lju1niaymc4xmzysmtqumdq2iemymc4xmzysmtauotm5ide3ljg4ocw4ljc2nyaxnc42nzgsoc43njcgqzewljk1osw4ljc2nya4ljc3nywxms41mzygoc43nzcsmtqumzk4iem4ljc3nywxns41mtmgos4ymswxni43mdkgos43ndksmtcumzu5iem5ljg1niwxny40odggos44nzismtcunia5ljg0lde3ljczmsbdos43ndesmtgumtqxidkuntismtkumdizidkundc3lde5ljiwmybdos40miwxos40nca5lji4ocwxos40otegos4wncwxos4znzygqzcunda4lde4ljyymia2ljm4nywxni4yntigni4zodcsmtqumzq5iem2ljm4nywxmc4yntygos4zodmsni40otcgmtuumdiyldyundk3iemxos41ntusni40otcgmjmumdc4ldkunza1idizlja3ocwxmy45otegqzizlja3ocwxoc40njmgmjaumjm5ldiylja2miaxni4yotcsmjiumdyyiemxnc45nzmsmjiumdyyidezljcyocwyms4znzkgmtmumzayldiwlju3mibdmtmumzayldiwlju3miaxmi42ndcsmjmumdugmtiundg4ldizljy1nybdmtiumtkzldi0ljc4ncaxms4zotysmjyumtk2idewljg2mywyny4wntggqzeylja4niwyny40mzqgmtmumzg2ldi3ljyznyaxnc43mzmsmjcunjm3iemyms45nswyny42mzcgmjcuodaxldixljgyocayny44mdesmtqunjyyiemyny44mdesny40otugmjeuotusms42odygmtqunzmzldeunjg2iibmawxspsijymqwodfjij48l3bhdgg+pc9npjwvc3znpg==); background-color: #bd081c; background-size: 14px; position: absolute; opacity: 1; z-index: 8675309; display: none; cursor: pointer; border: none; -webkit-font-smoothing: antialiased; top: 1263px; left: 114px; background-position: 3px 50%; background-repeat: no-repeat no-repeat;\">Guardar<\/span><\/p>\n","protected":false},"excerpt":{"rendered":"<p>Los seres vivos, al margen de nuestra condici\u00f3n de personas, \u00e1rboles, plantas, como miembros pertenecientes a la madre naturaleza,\u00a0disponemos de un reloj biol\u00f3gico, familiarmente conocido, [&hellip;]<\/p>\n","protected":false},"author":5,"featured_media":1582,"comment_status":"open","ping_status":"open","sticky":false,"template":"","format":"standard","meta":{"footnotes":""},"categories":[13],"tags":[],"class_list":["post-1537","post","type-post","status-publish","format-standard","has-post-thumbnail","hentry","category-curiosidades"],"yoast_head":"<!-- This site is optimized with the Yoast SEO Premium plugin v20.12 (Yoast SEO v27.3) - https:\/\/yoast.com\/product\/yoast-seo-premium-wordpress\/ -->\n<title>La sabidur\u00eda del bosque y su noci\u00f3n del tiempo | ASHES TO LIFE<\/title>\n<meta name=\"description\" content=\"La sabidur\u00eda del bosque y su &quot;noci\u00f3n del tiempo&quot; rige cada uno de sus ciclos y los de los seres vivos que habitan en ellos. \u00a1Desc\u00fabrelo!\" \/>\n<meta name=\"robots\" content=\"index, follow, max-snippet:-1, max-image-preview:large, max-video-preview:-1\" \/>\n<link rel=\"canonical\" href=\"https:\/\/www.ashestolife.es\/en\/sabiduria-del-bosque-y-su-nocion-del-tiempo\/\" \/>\n<meta property=\"og:locale\" content=\"en_US\" \/>\n<meta property=\"og:type\" content=\"article\" \/>\n<meta property=\"og:title\" content=\"SABIDUR\u00cdA DEL BOSQUE Y SU NOCI\u00d3N DEL TIEMPO\" \/>\n<meta property=\"og:description\" content=\"La sabidur\u00eda del bosque y su &quot;noci\u00f3n del tiempo&quot; rige cada uno de sus ciclos y los de los seres vivos que habitan en ellos. \u00a1Desc\u00fabrelo!\" \/>\n<meta property=\"og:url\" content=\"https:\/\/www.ashestolife.es\/en\/sabiduria-del-bosque-y-su-nocion-del-tiempo\/\" \/>\n<meta property=\"og:site_name\" content=\"ASHES TO LIFE\" \/>\n<meta property=\"article:publisher\" content=\"https:\/\/www.facebook.com\/ASHESTOLIFEproject\/\" \/>\n<meta property=\"article:published_time\" content=\"2018-05-12T08:37:34+00:00\" \/>\n<meta property=\"article:modified_time\" content=\"2026-03-30T22:17:09+00:00\" \/>\n<meta property=\"og:image\" content=\"https:\/\/www.ashestolife.es\/wp-content\/uploads\/2018\/06\/Tiempo-Bosque-1.jpg\" \/>\n\t<meta property=\"og:image:width\" content=\"770\" \/>\n\t<meta property=\"og:image:height\" content=\"500\" \/>\n\t<meta property=\"og:image:type\" content=\"image\/jpeg\" \/>\n<meta name=\"author\" content=\"ASHES TO LIFE\" \/>\n<meta name=\"twitter:card\" content=\"summary_large_image\" \/>\n<meta name=\"twitter:creator\" content=\"@ASHES_TO_LIFE\" \/>\n<meta name=\"twitter:site\" content=\"@ASHES_TO_LIFE\" \/>\n<meta name=\"twitter:label1\" content=\"Written by\" \/>\n\t<meta name=\"twitter:data1\" content=\"ASHES TO LIFE\" \/>\n\t<meta name=\"twitter:label2\" content=\"Est. reading time\" \/>\n\t<meta name=\"twitter:data2\" content=\"3 minutes\" \/>\n<!-- \/ Yoast SEO Premium plugin. -->","yoast_head_json":{"title":"La sabidur\u00eda del bosque y su noci\u00f3n del tiempo | ASHES TO LIFE","description":"La sabidur\u00eda del bosque y su \"noci\u00f3n del tiempo\" rige cada uno de sus ciclos y los de los seres vivos que habitan en ellos. \u00a1Desc\u00fabrelo!","robots":{"index":"index","follow":"follow","max-snippet":"max-snippet:-1","max-image-preview":"max-image-preview:large","max-video-preview":"max-video-preview:-1"},"canonical":"https:\/\/www.ashestolife.es\/en\/sabiduria-del-bosque-y-su-nocion-del-tiempo\/","og_locale":"en_US","og_type":"article","og_title":"SABIDUR\u00cdA DEL BOSQUE Y SU NOCI\u00d3N DEL TIEMPO","og_description":"La sabidur\u00eda del bosque y su \"noci\u00f3n del tiempo\" rige cada uno de sus ciclos y los de los seres vivos que habitan en ellos. \u00a1Desc\u00fabrelo!","og_url":"https:\/\/www.ashestolife.es\/en\/sabiduria-del-bosque-y-su-nocion-del-tiempo\/","og_site_name":"ASHES TO LIFE","article_publisher":"https:\/\/www.facebook.com\/ASHESTOLIFEproject\/","article_published_time":"2018-05-12T08:37:34+00:00","article_modified_time":"2026-03-30T22:17:09+00:00","og_image":[{"width":770,"height":500,"url":"https:\/\/www.ashestolife.es\/wp-content\/uploads\/2018\/06\/Tiempo-Bosque-1.jpg","type":"image\/jpeg"}],"author":"ASHES TO LIFE","twitter_card":"summary_large_image","twitter_creator":"@ASHES_TO_LIFE","twitter_site":"@ASHES_TO_LIFE","twitter_misc":{"Written by":"ASHES TO LIFE","Est. reading time":"3 minutes"},"schema":{"@context":"https:\/\/schema.org","@graph":[{"@type":"Article","@id":"https:\/\/www.ashestolife.es\/en\/sabiduria-del-bosque-y-su-nocion-del-tiempo\/#article","isPartOf":{"@id":"https:\/\/www.ashestolife.es\/en\/sabiduria-del-bosque-y-su-nocion-del-tiempo\/"},"author":{"name":"ASHES TO LIFE","@id":"https:\/\/www.ashestolife.es\/en\/#\/schema\/person\/ebba6d0311ff49795eaa6885895ece5b"},"headline":"SABIDUR\u00cdA DEL BOSQUE Y SU NOCI\u00d3N DEL TIEMPO","datePublished":"2018-05-12T08:37:34+00:00","dateModified":"2026-03-30T22:17:09+00:00","mainEntityOfPage":{"@id":"https:\/\/www.ashestolife.es\/en\/sabiduria-del-bosque-y-su-nocion-del-tiempo\/"},"wordCount":668,"commentCount":0,"publisher":{"@id":"https:\/\/www.ashestolife.es\/en\/#organization"},"image":{"@id":"https:\/\/www.ashestolife.es\/en\/sabiduria-del-bosque-y-su-nocion-del-tiempo\/#primaryimage"},"thumbnailUrl":"https:\/\/www.ashestolife.es\/wp-content\/uploads\/2018\/06\/Tiempo-Bosque-1.jpg","articleSection":["CURIOSIDADES"],"inLanguage":"en-US","potentialAction":[{"@type":"CommentAction","name":"Comment","target":["https:\/\/www.ashestolife.es\/en\/sabiduria-del-bosque-y-su-nocion-del-tiempo\/#respond"]}]},{"@type":"WebPage","@id":"https:\/\/www.ashestolife.es\/en\/sabiduria-del-bosque-y-su-nocion-del-tiempo\/","url":"https:\/\/www.ashestolife.es\/en\/sabiduria-del-bosque-y-su-nocion-del-tiempo\/","name":"La sabidur\u00eda del bosque y su noci\u00f3n del tiempo | ASHES TO LIFE","isPartOf":{"@id":"https:\/\/www.ashestolife.es\/en\/#website"},"primaryImageOfPage":{"@id":"https:\/\/www.ashestolife.es\/en\/sabiduria-del-bosque-y-su-nocion-del-tiempo\/#primaryimage"},"image":{"@id":"https:\/\/www.ashestolife.es\/en\/sabiduria-del-bosque-y-su-nocion-del-tiempo\/#primaryimage"},"thumbnailUrl":"https:\/\/www.ashestolife.es\/wp-content\/uploads\/2018\/06\/Tiempo-Bosque-1.jpg","datePublished":"2018-05-12T08:37:34+00:00","dateModified":"2026-03-30T22:17:09+00:00","description":"La sabidur\u00eda del bosque y su \"noci\u00f3n del tiempo\" rige cada uno de sus ciclos y los de los seres vivos que habitan en ellos. \u00a1Desc\u00fabrelo!","breadcrumb":{"@id":"https:\/\/www.ashestolife.es\/en\/sabiduria-del-bosque-y-su-nocion-del-tiempo\/#breadcrumb"},"inLanguage":"en-US","potentialAction":[{"@type":"ReadAction","target":["https:\/\/www.ashestolife.es\/en\/sabiduria-del-bosque-y-su-nocion-del-tiempo\/"]}]},{"@type":"ImageObject","inLanguage":"en-US","@id":"https:\/\/www.ashestolife.es\/en\/sabiduria-del-bosque-y-su-nocion-del-tiempo\/#primaryimage","url":"https:\/\/www.ashestolife.es\/wp-content\/uploads\/2018\/06\/Tiempo-Bosque-1.jpg","contentUrl":"https:\/\/www.ashestolife.es\/wp-content\/uploads\/2018\/06\/Tiempo-Bosque-1.jpg","width":770,"height":500,"caption":"Tiempo-Bosque"},{"@type":"BreadcrumbList","@id":"https:\/\/www.ashestolife.es\/en\/sabiduria-del-bosque-y-su-nocion-del-tiempo\/#breadcrumb","itemListElement":[{"@type":"ListItem","position":1,"name":"Environmental project","item":"https:\/\/www.ashestolife.es\/en\/"},{"@type":"ListItem","position":2,"name":"SABIDUR\u00cdA DEL BOSQUE Y SU NOCI\u00d3N DEL TIEMPO"}]},{"@type":"WebSite","@id":"https:\/\/www.ashestolife.es\/en\/#website","url":"https:\/\/www.ashestolife.es\/en\/","name":"ASHES TO LIFE","description":"Cosm\u00e9tica Ecol\u00f3gica","publisher":{"@id":"https:\/\/www.ashestolife.es\/en\/#organization"},"potentialAction":[{"@type":"SearchAction","target":{"@type":"EntryPoint","urlTemplate":"https:\/\/www.ashestolife.es\/en\/?s={search_term_string}"},"query-input":{"@type":"PropertyValueSpecification","valueRequired":true,"valueName":"search_term_string"}}],"inLanguage":"en-US"},{"@type":"Organization","@id":"https:\/\/www.ashestolife.es\/en\/#organization","name":"ASHES TO LIFE","url":"https:\/\/www.ashestolife.es\/en\/","logo":{"@type":"ImageObject","inLanguage":"en-US","@id":"https:\/\/www.ashestolife.es\/en\/#\/schema\/logo\/image\/","url":"https:\/\/www.ashestolife.es\/wp-content\/uploads\/2018\/06\/Logo-2.jpg","contentUrl":"https:\/\/www.ashestolife.es\/wp-content\/uploads\/2018\/06\/Logo-2.jpg","width":1382,"height":1412,"caption":"ASHES TO LIFE"},"image":{"@id":"https:\/\/www.ashestolife.es\/en\/#\/schema\/logo\/image\/"},"sameAs":["https:\/\/www.facebook.com\/ASHESTOLIFEproject\/","https:\/\/x.com\/ASHES_TO_LIFE","https:\/\/www.instagram.com\/ashes_to_life_\/","https:\/\/www.linkedin.com\/company\/ashestolife","https:\/\/www.pinterest.es\/ashestolife\/","https:\/\/www.youtube.com\/channel\/UCme6IF0nbv0B6oAl9fagmRA"]},{"@type":"Person","@id":"https:\/\/www.ashestolife.es\/en\/#\/schema\/person\/ebba6d0311ff49795eaa6885895ece5b","name":"ASHES TO LIFE","image":{"@type":"ImageObject","inLanguage":"en-US","@id":"https:\/\/secure.gravatar.com\/avatar\/8033ad593ba6ae776e31c1adf7ba8b52c6d55fa7a2dbc115e9e2d89c5ac7d73f?s=96&d=mm&r=g","url":"https:\/\/secure.gravatar.com\/avatar\/8033ad593ba6ae776e31c1adf7ba8b52c6d55fa7a2dbc115e9e2d89c5ac7d73f?s=96&d=mm&r=g","contentUrl":"https:\/\/secure.gravatar.com\/avatar\/8033ad593ba6ae776e31c1adf7ba8b52c6d55fa7a2dbc115e9e2d89c5ac7d73f?s=96&d=mm&r=g","caption":"ASHES TO LIFE"},"description":"Queremos devolver a la vida los bosques incendiados transformando parte de sus cenizas en productos ecol\u00f3gicos. #CUIDATUPIELYLADELPLANETA","sameAs":["http:\/\/www.ashestolife.es"],"url":"https:\/\/www.ashestolife.es\/en\/author\/ashestolife\/"}]}},"_links":{"self":[{"href":"https:\/\/www.ashestolife.es\/en\/wp-json\/wp\/v2\/posts\/1537","targetHints":{"allow":["GET"]}}],"collection":[{"href":"https:\/\/www.ashestolife.es\/en\/wp-json\/wp\/v2\/posts"}],"about":[{"href":"https:\/\/www.ashestolife.es\/en\/wp-json\/wp\/v2\/types\/post"}],"author":[{"embeddable":true,"href":"https:\/\/www.ashestolife.es\/en\/wp-json\/wp\/v2\/users\/5"}],"replies":[{"embeddable":true,"href":"https:\/\/www.ashestolife.es\/en\/wp-json\/wp\/v2\/comments?post=1537"}],"version-history":[{"count":6,"href":"https:\/\/www.ashestolife.es\/en\/wp-json\/wp\/v2\/posts\/1537\/revisions"}],"predecessor-version":[{"id":12599,"href":"https:\/\/www.ashestolife.es\/en\/wp-json\/wp\/v2\/posts\/1537\/revisions\/12599"}],"wp:featuredmedia":[{"embeddable":true,"href":"https:\/\/www.ashestolife.es\/en\/wp-json\/wp\/v2\/media\/1582"}],"wp:attachment":[{"href":"https:\/\/www.ashestolife.es\/en\/wp-json\/wp\/v2\/media?parent=1537"}],"wp:term":[{"taxonomy":"category","embeddable":true,"href":"https:\/\/www.ashestolife.es\/en\/wp-json\/wp\/v2\/categories?post=1537"},{"taxonomy":"post_tag","embeddable":true,"href":"https:\/\/www.ashestolife.es\/en\/wp-json\/wp\/v2\/tags?post=1537"}],"curies":[{"name":"wp","href":"https:\/\/api.w.org\/{rel}","templated":true}]}}