{"id":4057,"date":"2019-05-14T07:26:33","date_gmt":"2019-05-14T05:26:33","guid":{"rendered":"https:\/\/www.ashestolife.es\/?p=4057"},"modified":"2026-03-31T00:15:32","modified_gmt":"2026-03-30T22:15:32","slug":"una-muchedumbre-solidaria-en-pro-de-la-naturaleza","status":"publish","type":"post","link":"https:\/\/www.ashestolife.es\/en\/una-muchedumbre-solidaria-en-pro-de-la-naturaleza\/","title":{"rendered":"UNA MUCHEDUMBRE SOLIDARIA, SOLITARIA Y SILENCIOSA EN PRO DE LA NATURALEZA"},"content":{"rendered":"<p>Si bien es cierto que\u00a0 hay muchos factores que afectan a la continua p\u00e9rdida de biodiversidad a nivel mundial y precipitan peligrosamente el cambio clim\u00e1tico, no menos cierto es la emergente acci\u00f3n creativa, cient\u00edfica y positiva en una <strong>muchedumbre solidaria, solitaria y silenciosa que est\u00e1 trabajando en pro de la naturaleza<\/strong>.<\/p>\n<p>&nbsp;<\/p>\n<p>&nbsp;<\/p>\n<p>David Risman, (Soci\u00f3logo y Psic\u00f3logo\u00a0estadounidense\u00a0Licenciado en la\u00a0Universidad Harvard\u00a0y asistente en el\u00a0Tribunal Supremo de los Estados Unidos), postul\u00f3 la existencia de personas &#8220;dirigidas por s\u00ed mismas&#8221; o &#8220;dirigidas por otros&#8221;; Alert\u00f3 del peligro de una sociedad temerosa, dependiente y consumista de lo \u201cpol\u00edticamente correcto\u201d frente a una <strong>minor\u00eda silenciosa que se comporta a partir de valores y principios \u00e9ticos\u00a0<\/strong>y porque no decirlo, <strong>respetuosos con el <\/strong>Medio Ambiente.<\/p>\n<p>&nbsp;<\/p>\n<p>&nbsp;<\/p>\n<p>Esa muchedumbre solidaria, compuesta principalmente por personas rigurosas y universitarias de todas las edades, que suelen pasar desapercibidos por los medios de comunicaci\u00f3n, son unos de los principales aliados activos de la naturaleza. Focalizan sus sue\u00f1os, esfuerzos y conocimientos en la creaci\u00f3n, innovaci\u00f3n y mejora de nuevas f\u00f3rmulas que ayuden a resolver limitaciones o problemas sociales, conscientes de que la conservaci\u00f3n de la biodiversidad cumple un rol vital que, adem\u00e1s, ayudar\u00e1 a alcanzar los Objetivos del Desarrollo Sostenible (ODS)\u00a0<strong>acordados por los 193 Estados Miembros de la ONU.<\/strong><\/p>\n<p>&nbsp;<\/p>\n<p><img loading=\"lazy\" decoding=\"async\" class=\"aligncenter wp-image-4060 size-full\" title=\"Colaboraci\u00f3n para afrontar los ODS | ASHES TO LIFE\" src=\"https:\/\/www.ashestolife.es\/wp-content\/uploads\/2019\/05\/En-Pro-De-La-Naturaleza-ASHES-02.jpg\" alt=\"La uni\u00f3n de instituciones y gobiernos a esa muchedumbre solidaria que est\u00e1 trabajando en pro de la naturaleza nos permitir\u00e1 alcanzar los ODS.\" width=\"770\" height=\"550\" srcset=\"https:\/\/www.ashestolife.es\/wp-content\/uploads\/2019\/05\/En-Pro-De-La-Naturaleza-ASHES-02.jpg 770w, https:\/\/www.ashestolife.es\/wp-content\/uploads\/2019\/05\/En-Pro-De-La-Naturaleza-ASHES-02-250x179.jpg 250w, https:\/\/www.ashestolife.es\/wp-content\/uploads\/2019\/05\/En-Pro-De-La-Naturaleza-ASHES-02-768x549.jpg 768w, https:\/\/www.ashestolife.es\/wp-content\/uploads\/2019\/05\/En-Pro-De-La-Naturaleza-ASHES-02-670x479.jpg 670w, https:\/\/www.ashestolife.es\/wp-content\/uploads\/2019\/05\/En-Pro-De-La-Naturaleza-ASHES-02-600x429.jpg 600w\" sizes=\"auto, (max-width: 770px) 100vw, 770px\" \/><\/p>\n<p>&nbsp;<\/p>\n<p>&nbsp;<\/p>\n<p>Sus identidades individuales les importan menos que la cogeneraci\u00f3n de alternativas con valor, capaces de responder eficazmente a los problemas acuciantes de sus cong\u00e9neres. Sus nombres y rostros raramente son reconocidos salvo en \u201cnoticias de medios espec\u00edficos\u201d diluidos entre los grandes titulares e incluso perdidos para el inter\u00e9s com\u00fan. Ellos no ponen el \u00e9nfasis en el reconocimiento como en la posibilidad de contribuir al desarrollo de la sociedad y la conservaci\u00f3n \u00f3ptima \u00a0de la naturaleza: sus objetivos clave.<\/p>\n<p>&nbsp;<\/p>\n<p>&nbsp;<\/p>\n<p>Personas que diariamente se cuestionan sobre su contribuci\u00f3n profesional en un tiempo de vida caracterizado por contaminaciones diversas, limitaciones, ordenanzas y problemas; que tambi\u00e9n reflexionan sobre el principio de corresponsabilidad en la gesti\u00f3n de los recursos naturales. En definitiva, personas que buscan denodadamente a otras personas para fomentar la participaci\u00f3n de sus actividades profesionales desde estrategias innovadoras y \u00fatiles como por ejemplo, alternativas para <a href=\"https:\/\/www.un.org\/sustainabledevelopment\/es\/biodiversity\/\" target=\"_blank\" rel=\"noopener\">detener la p\u00e9rdida de biodiversidad<\/a> y la protecci\u00f3n del inter\u00e9s com\u00fan. Personas expertas que crean organizaciones y\u00a0 dan\u00a0\u201cun paso adelante\u201d para conseguir con su implicaci\u00f3n un mundo mejor.<\/p>\n<p>&nbsp;<\/p>\n<p>&nbsp;<\/p>\n<p>En este sentido, sus contenidos reflejan el entusiasmo y el esfuerzo de todos aquellos que, en diferentes pa\u00edses y contextos, trabajan diariamente para promover y garantizar el uso responsable de la Tierra y sus recursos naturales. Su estrategia es una contribuci\u00f3n valiosa para reforzar la implementaci\u00f3n de proyectos relacionados con el desarrollo social sostenible\u00a0 y la conservaci\u00f3n de la naturaleza al fomentar acuerdos entre la sociedad civil e instituciones\u00a0 empresariales, universitarias y pol\u00edticas. En otras palabras, <strong>esta muchedumbre solidaria<\/strong>, <strong>se responsabiliza de cuidar la Tierra y, adem\u00e1s, de contribuir a crear nuevas oportunidades y formas de trabajo en la conservaci\u00f3n de la naturaleza, se plantean sus mejores ideas para conservar y recuperar la biodiversidad en todas sus formas y espacios<\/strong>.<\/p>\n<p>&nbsp;<\/p>\n<p>&nbsp;<\/p>\n<p>Esta \u201cmicro-sociedad\u201d en pos de beneficios compartidos debiera estar especialmente protegida y apoyada en su labor de custodia del planeta tierra y de todos sus diversos habitantes que la llevan a ser el planeta azul maravilloso que gira en el espacio infinito.<\/p>\n<p>&nbsp;<\/p>\n<p>&nbsp;<\/p>\n<p><img loading=\"lazy\" decoding=\"async\" class=\"aligncenter wp-image-4062 size-full\" title=\"Alcanzar los Objetivos de Desarrollo Sostenible | ASHES TO LIFE\" src=\"https:\/\/www.ashestolife.es\/wp-content\/uploads\/2019\/05\/En-Pro-De-La-Naturaleza-ASHES-03.jpg\" alt=\"Minor\u00eda silenciosa que se comporta a partir de valores y principios \u00e9ticos respetuosa con el Medio Ambiente.\" width=\"770\" height=\"550\" srcset=\"https:\/\/www.ashestolife.es\/wp-content\/uploads\/2019\/05\/En-Pro-De-La-Naturaleza-ASHES-03.jpg 770w, https:\/\/www.ashestolife.es\/wp-content\/uploads\/2019\/05\/En-Pro-De-La-Naturaleza-ASHES-03-250x179.jpg 250w, https:\/\/www.ashestolife.es\/wp-content\/uploads\/2019\/05\/En-Pro-De-La-Naturaleza-ASHES-03-768x549.jpg 768w, https:\/\/www.ashestolife.es\/wp-content\/uploads\/2019\/05\/En-Pro-De-La-Naturaleza-ASHES-03-670x479.jpg 670w, https:\/\/www.ashestolife.es\/wp-content\/uploads\/2019\/05\/En-Pro-De-La-Naturaleza-ASHES-03-600x429.jpg 600w\" sizes=\"auto, (max-width: 770px) 100vw, 770px\" \/><\/p>\n<p>&nbsp;<\/p>\n<p>&nbsp;<\/p>\n<p><span lang=\"ES\">A modo de s\u00edntesis, la tarea clave de esa \u201cmicro-sociedad\u201d solidaria, solitaria y silenciosa, radica en c<\/span><span lang=\"ES\">ombatir problemas como la deforestaci\u00f3n, la contaminaci\u00f3n de los oc\u00e9anos, acabar con la tala incontrolada de \u00e1rboles para la consiguiente venta ilegal de madera; o tratar los desechos urbanos y residuos electr\u00f3nicos como corresponde para <a href=\"https:\/\/www.ashestolife.es\/proyecto-medioambiental\/\">proteger al medio ambiente<\/a> y propiciar condiciones para la vida de esa \u00a0amplia gama de organismos vivos que, a su vez, posibilitan la biodiversidad y entre los cuales, el ser humano no es el due\u00f1o con derechos absolutos sobre el resto para depredar y servirse irresponsablemente del resto de especies y ecosistemas, sin caer en cuenta de que su vida, depende de ellos. <\/span><\/p>\n<p><span lang=\"ES\">\u00a0<\/span><\/p>\n<p>&nbsp;<\/p>\n<p><span lang=\"ES\">Por todo ello, es imprescindible que Instituciones y gobiernos tomen medidas efectivas y urgentes para detener la p\u00e9rdida de diversidad biol\u00f3gica y asegurar la capacidad de reacci\u00f3n de los ecosistemas. Porque <b>de esta diversidad biol\u00f3gica depende el <\/b><\/span><em><b><span lang=\"ES\">desarrollo sostenible de la poblaci\u00f3n<\/span><\/b><\/em><em><span lang=\"ES\">, y consecuentemente su actividad econ\u00f3mica. Su uni\u00f3n a esta <\/span><\/em><span lang=\"ES\">muchedumbre solidaria, solitaria y silenciosa que est\u00e1 trabajando en pro de la naturaleza es vital para actuar contra el <b>cambio clim\u00e1tico<\/b><b> <\/b>as\u00ed como para alcanzar los <b>ODS<\/b><b>.<\/b><b><\/b><\/span><i><\/i><\/p>\n<p><span lang=\"ES\">\u00a0<\/span><\/p>\n<p><b><span lang=\"ES\">ASHES TO LIFE #CuidaTuPielYlaDelPlaneta<\/span><\/b><\/p>\n","protected":false},"excerpt":{"rendered":"<p>Si bien es cierto que\u00a0 hay muchos factores que afectan a la continua p\u00e9rdida de biodiversidad a nivel mundial y precipitan peligrosamente el cambio clim\u00e1tico, [&hellip;]<\/p>\n","protected":false},"author":5,"featured_media":4058,"comment_status":"open","ping_status":"open","sticky":false,"template":"","format":"standard","meta":{"footnotes":""},"categories":[50],"tags":[],"class_list":["post-4057","post","type-post","status-publish","format-standard","has-post-thumbnail","hentry","category-cambio-climatico"],"yoast_head":"<!-- This site is optimized with the Yoast SEO Premium plugin v20.12 (Yoast SEO v27.3) - https:\/\/yoast.com\/product\/yoast-seo-premium-wordpress\/ -->\n<title>Muchedumbre solidaria en pro de la naturaleza | ASHES TO LIFE<\/title>\n<meta name=\"description\" content=\"Existe una muchedumbre solidaria consciente de los problemas medioambientales que est\u00e1 trabajando en pro de la naturaleza para alcanzar los ODS.\" \/>\n<meta name=\"robots\" content=\"index, follow, max-snippet:-1, max-image-preview:large, max-video-preview:-1\" \/>\n<link rel=\"canonical\" href=\"https:\/\/www.ashestolife.es\/en\/una-muchedumbre-solidaria-en-pro-de-la-naturaleza\/\" \/>\n<meta property=\"og:locale\" content=\"en_US\" \/>\n<meta property=\"og:type\" content=\"article\" \/>\n<meta property=\"og:title\" content=\"UNA MUCHEDUMBRE SOLIDARIA, SOLITARIA Y SILENCIOSA EN PRO DE LA NATURALEZA\" \/>\n<meta property=\"og:description\" content=\"Existe una muchedumbre solidaria consciente de los problemas medioambientales que est\u00e1 trabajando en pro de la naturaleza para alcanzar los ODS.\" \/>\n<meta property=\"og:url\" content=\"https:\/\/www.ashestolife.es\/en\/una-muchedumbre-solidaria-en-pro-de-la-naturaleza\/\" \/>\n<meta property=\"og:site_name\" content=\"ASHES TO LIFE\" \/>\n<meta property=\"article:publisher\" content=\"https:\/\/www.facebook.com\/ASHESTOLIFEproject\/\" \/>\n<meta property=\"article:published_time\" content=\"2019-05-14T05:26:33+00:00\" \/>\n<meta property=\"article:modified_time\" content=\"2026-03-30T22:15:32+00:00\" \/>\n<meta property=\"og:image\" content=\"https:\/\/www.ashestolife.es\/wp-content\/uploads\/2019\/05\/En-Pro-De-La-Naturaleza-ASHES-01.jpg\" \/>\n\t<meta property=\"og:image:width\" content=\"770\" \/>\n\t<meta property=\"og:image:height\" content=\"550\" \/>\n\t<meta property=\"og:image:type\" content=\"image\/jpeg\" \/>\n<meta name=\"author\" content=\"ASHES TO LIFE\" \/>\n<meta name=\"twitter:card\" content=\"summary_large_image\" \/>\n<meta name=\"twitter:creator\" content=\"@ASHES_TO_LIFE\" \/>\n<meta name=\"twitter:site\" content=\"@ASHES_TO_LIFE\" \/>\n<meta name=\"twitter:label1\" content=\"Written by\" \/>\n\t<meta name=\"twitter:data1\" content=\"ASHES TO LIFE\" \/>\n\t<meta name=\"twitter:label2\" content=\"Est. reading time\" \/>\n\t<meta name=\"twitter:data2\" content=\"4 minutes\" \/>\n<!-- \/ Yoast SEO Premium plugin. -->","yoast_head_json":{"title":"Muchedumbre solidaria en pro de la naturaleza | ASHES TO LIFE","description":"Existe una muchedumbre solidaria consciente de los problemas medioambientales que est\u00e1 trabajando en pro de la naturaleza para alcanzar los ODS.","robots":{"index":"index","follow":"follow","max-snippet":"max-snippet:-1","max-image-preview":"max-image-preview:large","max-video-preview":"max-video-preview:-1"},"canonical":"https:\/\/www.ashestolife.es\/en\/una-muchedumbre-solidaria-en-pro-de-la-naturaleza\/","og_locale":"en_US","og_type":"article","og_title":"UNA MUCHEDUMBRE SOLIDARIA, SOLITARIA Y SILENCIOSA EN PRO DE LA NATURALEZA","og_description":"Existe una muchedumbre solidaria consciente de los problemas medioambientales que est\u00e1 trabajando en pro de la naturaleza para alcanzar los ODS.","og_url":"https:\/\/www.ashestolife.es\/en\/una-muchedumbre-solidaria-en-pro-de-la-naturaleza\/","og_site_name":"ASHES TO LIFE","article_publisher":"https:\/\/www.facebook.com\/ASHESTOLIFEproject\/","article_published_time":"2019-05-14T05:26:33+00:00","article_modified_time":"2026-03-30T22:15:32+00:00","og_image":[{"width":770,"height":550,"url":"https:\/\/www.ashestolife.es\/wp-content\/uploads\/2019\/05\/En-Pro-De-La-Naturaleza-ASHES-01.jpg","type":"image\/jpeg"}],"author":"ASHES TO LIFE","twitter_card":"summary_large_image","twitter_creator":"@ASHES_TO_LIFE","twitter_site":"@ASHES_TO_LIFE","twitter_misc":{"Written by":"ASHES TO LIFE","Est. reading time":"4 minutes"},"schema":{"@context":"https:\/\/schema.org","@graph":[{"@type":"Article","@id":"https:\/\/www.ashestolife.es\/en\/una-muchedumbre-solidaria-en-pro-de-la-naturaleza\/#article","isPartOf":{"@id":"https:\/\/www.ashestolife.es\/en\/una-muchedumbre-solidaria-en-pro-de-la-naturaleza\/"},"author":{"name":"ASHES TO LIFE","@id":"https:\/\/www.ashestolife.es\/en\/#\/schema\/person\/ebba6d0311ff49795eaa6885895ece5b"},"headline":"UNA MUCHEDUMBRE SOLIDARIA, SOLITARIA Y SILENCIOSA EN PRO DE LA NATURALEZA","datePublished":"2019-05-14T05:26:33+00:00","dateModified":"2026-03-30T22:15:32+00:00","mainEntityOfPage":{"@id":"https:\/\/www.ashestolife.es\/en\/una-muchedumbre-solidaria-en-pro-de-la-naturaleza\/"},"wordCount":820,"commentCount":0,"publisher":{"@id":"https:\/\/www.ashestolife.es\/en\/#organization"},"image":{"@id":"https:\/\/www.ashestolife.es\/en\/una-muchedumbre-solidaria-en-pro-de-la-naturaleza\/#primaryimage"},"thumbnailUrl":"https:\/\/www.ashestolife.es\/wp-content\/uploads\/2019\/05\/En-Pro-De-La-Naturaleza-ASHES-01.jpg","articleSection":["CAMBIO CLIM\u00c1TICO"],"inLanguage":"en-US","potentialAction":[{"@type":"CommentAction","name":"Comment","target":["https:\/\/www.ashestolife.es\/en\/una-muchedumbre-solidaria-en-pro-de-la-naturaleza\/#respond"]}]},{"@type":"WebPage","@id":"https:\/\/www.ashestolife.es\/en\/una-muchedumbre-solidaria-en-pro-de-la-naturaleza\/","url":"https:\/\/www.ashestolife.es\/en\/una-muchedumbre-solidaria-en-pro-de-la-naturaleza\/","name":"Muchedumbre solidaria en pro de la naturaleza | ASHES TO LIFE","isPartOf":{"@id":"https:\/\/www.ashestolife.es\/en\/#website"},"primaryImageOfPage":{"@id":"https:\/\/www.ashestolife.es\/en\/una-muchedumbre-solidaria-en-pro-de-la-naturaleza\/#primaryimage"},"image":{"@id":"https:\/\/www.ashestolife.es\/en\/una-muchedumbre-solidaria-en-pro-de-la-naturaleza\/#primaryimage"},"thumbnailUrl":"https:\/\/www.ashestolife.es\/wp-content\/uploads\/2019\/05\/En-Pro-De-La-Naturaleza-ASHES-01.jpg","datePublished":"2019-05-14T05:26:33+00:00","dateModified":"2026-03-30T22:15:32+00:00","description":"Existe una muchedumbre solidaria consciente de los problemas medioambientales que est\u00e1 trabajando en pro de la naturaleza para alcanzar los ODS.","breadcrumb":{"@id":"https:\/\/www.ashestolife.es\/en\/una-muchedumbre-solidaria-en-pro-de-la-naturaleza\/#breadcrumb"},"inLanguage":"en-US","potentialAction":[{"@type":"ReadAction","target":["https:\/\/www.ashestolife.es\/en\/una-muchedumbre-solidaria-en-pro-de-la-naturaleza\/"]}]},{"@type":"ImageObject","inLanguage":"en-US","@id":"https:\/\/www.ashestolife.es\/en\/una-muchedumbre-solidaria-en-pro-de-la-naturaleza\/#primaryimage","url":"https:\/\/www.ashestolife.es\/wp-content\/uploads\/2019\/05\/En-Pro-De-La-Naturaleza-ASHES-01.jpg","contentUrl":"https:\/\/www.ashestolife.es\/wp-content\/uploads\/2019\/05\/En-Pro-De-La-Naturaleza-ASHES-01.jpg","width":770,"height":550,"caption":"cuidar-medioambiente"},{"@type":"BreadcrumbList","@id":"https:\/\/www.ashestolife.es\/en\/una-muchedumbre-solidaria-en-pro-de-la-naturaleza\/#breadcrumb","itemListElement":[{"@type":"ListItem","position":1,"name":"Environmental project","item":"https:\/\/www.ashestolife.es\/en\/"},{"@type":"ListItem","position":2,"name":"UNA MUCHEDUMBRE SOLIDARIA, SOLITARIA Y SILENCIOSA EN PRO DE LA NATURALEZA"}]},{"@type":"WebSite","@id":"https:\/\/www.ashestolife.es\/en\/#website","url":"https:\/\/www.ashestolife.es\/en\/","name":"ASHES TO LIFE","description":"Cosm\u00e9tica Ecol\u00f3gica","publisher":{"@id":"https:\/\/www.ashestolife.es\/en\/#organization"},"potentialAction":[{"@type":"SearchAction","target":{"@type":"EntryPoint","urlTemplate":"https:\/\/www.ashestolife.es\/en\/?s={search_term_string}"},"query-input":{"@type":"PropertyValueSpecification","valueRequired":true,"valueName":"search_term_string"}}],"inLanguage":"en-US"},{"@type":"Organization","@id":"https:\/\/www.ashestolife.es\/en\/#organization","name":"ASHES TO LIFE","url":"https:\/\/www.ashestolife.es\/en\/","logo":{"@type":"ImageObject","inLanguage":"en-US","@id":"https:\/\/www.ashestolife.es\/en\/#\/schema\/logo\/image\/","url":"https:\/\/www.ashestolife.es\/wp-content\/uploads\/2018\/06\/Logo-2.jpg","contentUrl":"https:\/\/www.ashestolife.es\/wp-content\/uploads\/2018\/06\/Logo-2.jpg","width":1382,"height":1412,"caption":"ASHES TO LIFE"},"image":{"@id":"https:\/\/www.ashestolife.es\/en\/#\/schema\/logo\/image\/"},"sameAs":["https:\/\/www.facebook.com\/ASHESTOLIFEproject\/","https:\/\/x.com\/ASHES_TO_LIFE","https:\/\/www.instagram.com\/ashes_to_life_\/","https:\/\/www.linkedin.com\/company\/ashestolife","https:\/\/www.pinterest.es\/ashestolife\/","https:\/\/www.youtube.com\/channel\/UCme6IF0nbv0B6oAl9fagmRA"]},{"@type":"Person","@id":"https:\/\/www.ashestolife.es\/en\/#\/schema\/person\/ebba6d0311ff49795eaa6885895ece5b","name":"ASHES TO LIFE","image":{"@type":"ImageObject","inLanguage":"en-US","@id":"https:\/\/secure.gravatar.com\/avatar\/8033ad593ba6ae776e31c1adf7ba8b52c6d55fa7a2dbc115e9e2d89c5ac7d73f?s=96&d=mm&r=g","url":"https:\/\/secure.gravatar.com\/avatar\/8033ad593ba6ae776e31c1adf7ba8b52c6d55fa7a2dbc115e9e2d89c5ac7d73f?s=96&d=mm&r=g","contentUrl":"https:\/\/secure.gravatar.com\/avatar\/8033ad593ba6ae776e31c1adf7ba8b52c6d55fa7a2dbc115e9e2d89c5ac7d73f?s=96&d=mm&r=g","caption":"ASHES TO LIFE"},"description":"Queremos devolver a la vida los bosques incendiados transformando parte de sus cenizas en productos ecol\u00f3gicos. #CUIDATUPIELYLADELPLANETA","sameAs":["http:\/\/www.ashestolife.es"],"url":"https:\/\/www.ashestolife.es\/en\/author\/ashestolife\/"}]}},"_links":{"self":[{"href":"https:\/\/www.ashestolife.es\/en\/wp-json\/wp\/v2\/posts\/4057","targetHints":{"allow":["GET"]}}],"collection":[{"href":"https:\/\/www.ashestolife.es\/en\/wp-json\/wp\/v2\/posts"}],"about":[{"href":"https:\/\/www.ashestolife.es\/en\/wp-json\/wp\/v2\/types\/post"}],"author":[{"embeddable":true,"href":"https:\/\/www.ashestolife.es\/en\/wp-json\/wp\/v2\/users\/5"}],"replies":[{"embeddable":true,"href":"https:\/\/www.ashestolife.es\/en\/wp-json\/wp\/v2\/comments?post=4057"}],"version-history":[{"count":7,"href":"https:\/\/www.ashestolife.es\/en\/wp-json\/wp\/v2\/posts\/4057\/revisions"}],"predecessor-version":[{"id":12551,"href":"https:\/\/www.ashestolife.es\/en\/wp-json\/wp\/v2\/posts\/4057\/revisions\/12551"}],"wp:featuredmedia":[{"embeddable":true,"href":"https:\/\/www.ashestolife.es\/en\/wp-json\/wp\/v2\/media\/4058"}],"wp:attachment":[{"href":"https:\/\/www.ashestolife.es\/en\/wp-json\/wp\/v2\/media?parent=4057"}],"wp:term":[{"taxonomy":"category","embeddable":true,"href":"https:\/\/www.ashestolife.es\/en\/wp-json\/wp\/v2\/categories?post=4057"},{"taxonomy":"post_tag","embeddable":true,"href":"https:\/\/www.ashestolife.es\/en\/wp-json\/wp\/v2\/tags?post=4057"}],"curies":[{"name":"wp","href":"https:\/\/api.w.org\/{rel}","templated":true}]}}