{"id":4069,"date":"2019-05-16T07:35:31","date_gmt":"2019-05-16T05:35:31","guid":{"rendered":"https:\/\/www.ashestolife.es\/?p=4069"},"modified":"2026-03-31T00:15:30","modified_gmt":"2026-03-30T22:15:30","slug":"la-nueva-generacion-de-incendios","status":"publish","type":"post","link":"https:\/\/www.ashestolife.es\/en\/la-nueva-generacion-de-incendios\/","title":{"rendered":"LA NUEVA GENERACI\u00d3N DE INCENDIOS FORESTALES REQUIERE NUEVOS ENFOQUES"},"content":{"rendered":"<p>Espa\u00f1a es uno de los pa\u00edses de la Uni\u00f3n Europea m\u00e1s afectados por los incendios forestales, un problema que amenaza con intensificarse debido, entre otras causas, a los efectos del cambio clim\u00e1tico. Estos incendios ya no son como antes: son cada vez m\u00e1s grandes, m\u00e1s incontrolables y afectan a un mayor n\u00famero de poblaci\u00f3n. La nueva generaci\u00f3n de <strong>incendios forestales de alta intensidad\u00a0<\/strong>de los \u00faltimos a\u00f1os conocidos <strong>como GIF (Grandes Incendios <\/strong><strong>Forestales) se han convertido en una prioridad ambiental y un problema que ha alcanzado la categor\u00eda de emergencia social, y requieren de un cambio en el modelo tradicional de gesti\u00f3n de los fuegos<\/strong>.<\/p>\n<p>&nbsp;<\/p>\n<p>&nbsp;<\/p>\n<p>Cada vez son m\u00e1s casos de incendios forestales de alt\u00edsima gravedad con desalojos masivos, p\u00e9rdidas de bienes, personas fallecidas y miles de hect\u00e1reas calcinadas. Para hacernos una idea, en 2017, el 63% de los incendios producidos afectaron a una superficie inferior a una hect\u00e1rea. Sin embargo, a pesar de representar menos del 0,5% en el n\u00famero total de incendios, 56 Grandes Incendios Forestales,\u00a0fueron responsables de la destrucci\u00f3n de casi el 55% de las hect\u00e1reas totales quemadas.<\/p>\n<p>&nbsp;<\/p>\n<p>&nbsp;<\/p>\n<p>Seg\u00fan recoge el \u201c<a href=\"https:\/\/es.greenpeace.org\/es\/wp-content\/uploads\/sites\/3\/2018\/06\/Protege_el_bosque_LR.pdf\" target=\"_blank\" rel=\"noopener noreferrer\"><strong>Informe Protege el bosque, protege tu casa<\/strong><\/a><strong>\u201d\u00a0<\/strong>presentado por la organizaci\u00f3n Greenpeace (@greenpeace_esp) y que analiza los riesgos de este nuevo tipo de incendios, el modelo utilizado hasta ahora basado en la extinci\u00f3n\u00a0 ya no funciona. Este referido informe, incide en la <strong>necesidad de la <\/strong><a href=\"https:\/\/www.ashestolife.es\/en\/gestion-sostenible-bosques\/\"><strong>gesti\u00f3n forestal sostenible<\/strong><\/a>\u00a0<strong>para proteger nuestros bosques as\u00ed como a las personas que los habitan<\/strong>. De igual modo, destaca la importancia de tomar medidas preventivas y de protecci\u00f3n por parte de la sociedad (tales como modificar el jard\u00edn, preparar la piscina, gesti\u00f3n y limpieza del entorno, etc.). De esta forma, ser\u00e1n necesarios menos recursos para defender las viviendas frente al fuego y los medios econ\u00f3micos y humanos podr\u00e1n destinarse a la extinci\u00f3n del fuego de los bosques. Una comunidad de personas que habita en zonas forestales, que toma conciencia y ejecuta cambios en sus propiedades constituye un aut\u00e9ntico \u201cequipo de prevenci\u00f3n\u201d del riesgo de incendio y de protecci\u00f3n en caso de que lleguen las llamas a la zona urbanizada.<\/p>\n<p>&nbsp;<\/p>\n<p>&nbsp;<\/p>\n<p>As\u00ed mismo refleja que, <strong>a causa del abandono de tierras de cultivo y de actividad ganadera<\/strong>, los espacios utilizados para tal fin han sido colonizados por la vegetaci\u00f3n continua (proceso denominado \u201cmatorralizaci\u00f3n\u201d) que\u00a0<strong>ha provocado la p\u00e9rdida del paisaje mosaico que ayudaba a frenar el avance de los incendios<\/strong>. El abandono del aprovechamiento de recursos forestales como la le\u00f1a, madera, pi\u00f1as, etc tambi\u00e9n supon\u00eda un notable descenso en la carga de vegetaci\u00f3n seca e inflamable (combustible) que facilita la propagaci\u00f3n de los incendios. A todo lo cual, se suma la pol\u00edtica de repoblaciones de los a\u00f1os 50-60 que se realiz\u00f3 sin plantear una posterior gesti\u00f3n forestal. Todo ello <strong>ha provocado una transformaci\u00f3n del paisaje, haci\u00e9ndolo m\u00e1s inflamable, m\u00e1s susceptible a la propagaci\u00f3n de incendios y m\u00e1s peligroso\u00a0<\/strong>ya que en el adem\u00e1s se insertan viviendas y personas.<\/p>\n<p>&nbsp;<\/p>\n<p>&nbsp;<\/p>\n<p><img loading=\"lazy\" decoding=\"async\" class=\"aligncenter wp-image-4070 size-full\" title=\"Nuevos enfoques contra la nueva generaci\u00f3n de incendios forestales | ASHES TO LIFE\" src=\"https:\/\/www.ashestolife.es\/wp-content\/uploads\/2019\/05\/Soluci\u00f3n-Incendio-Forestal-2.jpg\" alt=\"Resulta necesario comprometerse y encontrar soluciones y alternativas eficaces a la nueva generaci\u00f3n de incendios forestales\" width=\"770\" height=\"500\" srcset=\"https:\/\/www.ashestolife.es\/wp-content\/uploads\/2019\/05\/Soluci\u00f3n-Incendio-Forestal-2.jpg 770w, https:\/\/www.ashestolife.es\/wp-content\/uploads\/2019\/05\/Soluci\u00f3n-Incendio-Forestal-2-250x162.jpg 250w, https:\/\/www.ashestolife.es\/wp-content\/uploads\/2019\/05\/Soluci\u00f3n-Incendio-Forestal-2-768x499.jpg 768w, https:\/\/www.ashestolife.es\/wp-content\/uploads\/2019\/05\/Soluci\u00f3n-Incendio-Forestal-2-370x241.jpg 370w, https:\/\/www.ashestolife.es\/wp-content\/uploads\/2019\/05\/Soluci\u00f3n-Incendio-Forestal-2-670x435.jpg 670w, https:\/\/www.ashestolife.es\/wp-content\/uploads\/2019\/05\/Soluci\u00f3n-Incendio-Forestal-2-600x390.jpg 600w\" sizes=\"auto, (max-width: 770px) 100vw, 770px\" \/><\/p>\n<p>&nbsp;<\/p>\n<p>&nbsp;<\/p>\n<p>Este mismo informe, recoge tambi\u00e9n que en Espa\u00f1a el 80% de los municipios en zonas de alto riesgo de incendios no cuenta con planes de emergencia espec\u00edficos. Tanto es as\u00ed, que hasta doce comunidades aut\u00f3nomas tienen una valoraci\u00f3n deficiente o muy deficiente en su planificaci\u00f3n contra el fuego. Solo las Islas Canarias, Catalunya y la Comunidad Valenciana cuentan con planes algo m\u00e1s avanzados, aunque insuficientes.<\/p>\n<p>&nbsp;<\/p>\n<p>&nbsp;<\/p>\n<p>Seg\u00fan los datos oficiales, en 2017 el Ministerio realiz\u00f3 labores preventivas en 1.475 hect\u00e1reas (frente a las m\u00e1s de 178.000 que resultaron quemadas). La inversi\u00f3n en este tipo de labores para preparar y limpiar los bosques antes de la llegada de las altas temperaturas ha sufrido severos recortes. Entre 2010 y 2011 el gasto en prevenci\u00f3n se redujo un 50%. Desde entonces se ha mantenido por debajo de los 190 millones de euros, mientras que en la \u00faltima d\u00e9cada el gasto en extinci\u00f3n siempre hab\u00eda estado por encima de los 360 millones.<\/p>\n<p>&nbsp;<\/p>\n<p>&nbsp;<\/p>\n<p><strong>La problem\u00e1tica de la nueva generaci\u00f3n de incendios forestales es compleja, por lo que las soluciones deben apuntar en diferentes direcciones<\/strong>. Hay que establecer una pol\u00edtica de prevenci\u00f3n de esta nueva era en incendios forestales, abordando las causas que originan los incendios y las que lo propagan. Resulta evidente que no se puede seguir con un modelo obsoleto y que es momento de cuestionar los principios en los que se basa ese modelo tradicional de gesti\u00f3n de incendios.<\/p>\n<p>&nbsp;<\/p>\n<p>&nbsp;<\/p>\n<p>Por otro lado, <strong>es fundamental que las administraciones cumplan con la normativa y\u00a0<\/strong><strong>que\u00a0<\/strong>adem\u00e1s <strong>realicen campa\u00f1as de sensibilizaci\u00f3n\u00a0<\/strong>a la poblaci\u00f3n para crear comunidades \u201cadaptadas al fuego\u201d. A su vez, resulta necesario que estas administraciones <strong>destinen recursos a la investigaci\u00f3n de las causas para poder plantear soluciones<\/strong>. Tal y como indica en <a href=\"https:\/\/www.publico.es\/sociedad\/medio-ambiente-reto-frente-incendios-no-responden-extincion.html\" target=\"_blank\" rel=\"noopener noreferrer\">publico.es<\/a> el Presidente de la Asociaci\u00f3n Espa\u00f1ola de Agentes Forestales Rub\u00e9n Cabrero \u201c<em>No se est\u00e1n investigando los incendios cuando es imprescindible para plantear soluciones<\/em>\u201d. En el resumen del Ministerio del a\u00f1o pasado s\u00f3lo C\u00e1ceres dedic\u00f3 diez horas y media en total en recursos a la investigaci\u00f3n. Si, has le\u00eddo bien: diez horas y media en total.<\/p>\n<p>&nbsp;<\/p>\n<p>&nbsp;<\/p>\n<p><img loading=\"lazy\" decoding=\"async\" class=\"aligncenter wp-image-4074 size-full\" title=\"Los Grandes Incendios Forestales se han convertido en una prioridad ambiental | ASHES TO LIFE\" src=\"https:\/\/www.ashestolife.es\/wp-content\/uploads\/2019\/05\/Soluci\u00f3n-Incendio-Forestal.jpg\" alt=\"Necesidad de una gesti\u00f3n forestal sostenible para proteger nuestros bosques as\u00ed como a las personas que los habitan\" width=\"770\" height=\"500\" data-wp-editing=\"1\" srcset=\"https:\/\/www.ashestolife.es\/wp-content\/uploads\/2019\/05\/Soluci\u00f3n-Incendio-Forestal.jpg 770w, https:\/\/www.ashestolife.es\/wp-content\/uploads\/2019\/05\/Soluci\u00f3n-Incendio-Forestal-250x162.jpg 250w, https:\/\/www.ashestolife.es\/wp-content\/uploads\/2019\/05\/Soluci\u00f3n-Incendio-Forestal-768x499.jpg 768w, https:\/\/www.ashestolife.es\/wp-content\/uploads\/2019\/05\/Soluci\u00f3n-Incendio-Forestal-370x241.jpg 370w, https:\/\/www.ashestolife.es\/wp-content\/uploads\/2019\/05\/Soluci\u00f3n-Incendio-Forestal-670x435.jpg 670w, https:\/\/www.ashestolife.es\/wp-content\/uploads\/2019\/05\/Soluci\u00f3n-Incendio-Forestal-600x390.jpg 600w\" sizes=\"auto, (max-width: 770px) 100vw, 770px\" \/><\/p>\n<p>&nbsp;<\/p>\n<p>&nbsp;<\/p>\n<p><span lang=\"ES\">De todo lo cual se deduce la imperiosa <b>necesidad de comprometerse a encontrar soluciones y alternativas <\/b><\/span><b><span lang=\"ES\">eficaces\u00a0<\/span><\/b><span lang=\"ES\">a la nueva generaci\u00f3n de incendios forestales, esta situaci\u00f3n harto compleja y de primera magnitud que afecta tanto a Empresas, Gobiernos locales, Medio Ambiente, Econom\u00edas locales y regionales, Biodiversidad y Personas. En este sentido, <b>el <a href=\"http:\/\/www.ashestolife.es\/proyecto-medioambiental\">Proyecto de Investigaci\u00f3n Medioambiental <\/a><\/b><\/span><span lang=\"ES\"><b>ASHES TO LIFE Project<\/b>\u00a0<\/span><span lang=\"ES\">se presenta como una nueva alternativa que puede ayudar a paliar los efectos de esta nueva generaci\u00f3n de incendios forestales.<\/span><\/p>\n<p><span lang=\"ES\">\u00a0<\/span><\/p>\n<p><b><span lang=\"ES\">ASHES TO LIFE #CuidaTuPielYlaDelPlaneta<\/span><\/b><\/p>\n","protected":false},"excerpt":{"rendered":"<p>Espa\u00f1a es uno de los pa\u00edses de la Uni\u00f3n Europea m\u00e1s afectados por los incendios forestales, un problema que amenaza con intensificarse debido, entre otras [&hellip;]<\/p>\n","protected":false},"author":5,"featured_media":4072,"comment_status":"open","ping_status":"open","sticky":false,"template":"","format":"standard","meta":{"footnotes":""},"categories":[121],"tags":[],"class_list":["post-4069","post","type-post","status-publish","format-standard","has-post-thumbnail","hentry","category-incendios-forestales"],"yoast_head":"<!-- This site is optimized with the Yoast SEO Premium plugin v20.12 (Yoast SEO v27.3) - https:\/\/yoast.com\/product\/yoast-seo-premium-wordpress\/ -->\n<title>La nueva generaci\u00f3n de incendios forestales | ASHES TO LIFE<\/title>\n<meta name=\"description\" content=\"La nueva generaci\u00f3n de incendios forestales son cada vez m\u00e1s grandes, m\u00e1s incontrolables y afectan a un mayor n\u00famero de poblaci\u00f3n. Seguir leyendo aqu\u00ed.\" \/>\n<meta name=\"robots\" content=\"index, follow, max-snippet:-1, max-image-preview:large, max-video-preview:-1\" \/>\n<link rel=\"canonical\" href=\"https:\/\/www.ashestolife.es\/en\/la-nueva-generacion-de-incendios\/\" \/>\n<meta property=\"og:locale\" content=\"en_US\" \/>\n<meta property=\"og:type\" content=\"article\" \/>\n<meta property=\"og:title\" content=\"LA NUEVA GENERACI\u00d3N DE INCENDIOS FORESTALES REQUIERE NUEVOS ENFOQUES\" \/>\n<meta property=\"og:description\" content=\"La nueva generaci\u00f3n de incendios forestales son cada vez m\u00e1s grandes, m\u00e1s incontrolables y afectan a un mayor n\u00famero de poblaci\u00f3n. Seguir leyendo aqu\u00ed.\" \/>\n<meta property=\"og:url\" content=\"https:\/\/www.ashestolife.es\/en\/la-nueva-generacion-de-incendios\/\" \/>\n<meta property=\"og:site_name\" content=\"ASHES TO LIFE\" \/>\n<meta property=\"article:publisher\" content=\"https:\/\/www.facebook.com\/ASHESTOLIFEproject\/\" \/>\n<meta property=\"article:published_time\" content=\"2019-05-16T05:35:31+00:00\" \/>\n<meta property=\"article:modified_time\" content=\"2026-03-30T22:15:30+00:00\" \/>\n<meta property=\"og:image\" content=\"https:\/\/www.ashestolife.es\/wp-content\/uploads\/2019\/05\/Soluci\u00f3n-Incendio-Forestal-3.jpg\" \/>\n\t<meta property=\"og:image:width\" content=\"770\" \/>\n\t<meta property=\"og:image:height\" content=\"500\" \/>\n\t<meta property=\"og:image:type\" content=\"image\/jpeg\" \/>\n<meta name=\"author\" content=\"ASHES TO LIFE\" \/>\n<meta name=\"twitter:card\" content=\"summary_large_image\" \/>\n<meta name=\"twitter:creator\" content=\"@ASHES_TO_LIFE\" \/>\n<meta name=\"twitter:site\" content=\"@ASHES_TO_LIFE\" \/>\n<meta name=\"twitter:label1\" content=\"Written by\" \/>\n\t<meta name=\"twitter:data1\" content=\"ASHES TO LIFE\" \/>\n\t<meta name=\"twitter:label2\" content=\"Est. reading time\" \/>\n\t<meta name=\"twitter:data2\" content=\"5 minutes\" \/>\n<!-- \/ Yoast SEO Premium plugin. -->","yoast_head_json":{"title":"La nueva generaci\u00f3n de incendios forestales | ASHES TO LIFE","description":"La nueva generaci\u00f3n de incendios forestales son cada vez m\u00e1s grandes, m\u00e1s incontrolables y afectan a un mayor n\u00famero de poblaci\u00f3n. Seguir leyendo aqu\u00ed.","robots":{"index":"index","follow":"follow","max-snippet":"max-snippet:-1","max-image-preview":"max-image-preview:large","max-video-preview":"max-video-preview:-1"},"canonical":"https:\/\/www.ashestolife.es\/en\/la-nueva-generacion-de-incendios\/","og_locale":"en_US","og_type":"article","og_title":"LA NUEVA GENERACI\u00d3N DE INCENDIOS FORESTALES REQUIERE NUEVOS ENFOQUES","og_description":"La nueva generaci\u00f3n de incendios forestales son cada vez m\u00e1s grandes, m\u00e1s incontrolables y afectan a un mayor n\u00famero de poblaci\u00f3n. Seguir leyendo aqu\u00ed.","og_url":"https:\/\/www.ashestolife.es\/en\/la-nueva-generacion-de-incendios\/","og_site_name":"ASHES TO LIFE","article_publisher":"https:\/\/www.facebook.com\/ASHESTOLIFEproject\/","article_published_time":"2019-05-16T05:35:31+00:00","article_modified_time":"2026-03-30T22:15:30+00:00","og_image":[{"width":770,"height":500,"url":"https:\/\/www.ashestolife.es\/wp-content\/uploads\/2019\/05\/Soluci\u00f3n-Incendio-Forestal-3.jpg","type":"image\/jpeg"}],"author":"ASHES TO LIFE","twitter_card":"summary_large_image","twitter_creator":"@ASHES_TO_LIFE","twitter_site":"@ASHES_TO_LIFE","twitter_misc":{"Written by":"ASHES TO LIFE","Est. reading time":"5 minutes"},"schema":{"@context":"https:\/\/schema.org","@graph":[{"@type":"Article","@id":"https:\/\/www.ashestolife.es\/en\/la-nueva-generacion-de-incendios\/#article","isPartOf":{"@id":"https:\/\/www.ashestolife.es\/en\/la-nueva-generacion-de-incendios\/"},"author":{"name":"ASHES TO LIFE","@id":"https:\/\/www.ashestolife.es\/en\/#\/schema\/person\/ebba6d0311ff49795eaa6885895ece5b"},"headline":"LA NUEVA GENERACI\u00d3N DE INCENDIOS FORESTALES REQUIERE NUEVOS ENFOQUES","datePublished":"2019-05-16T05:35:31+00:00","dateModified":"2026-03-30T22:15:30+00:00","mainEntityOfPage":{"@id":"https:\/\/www.ashestolife.es\/en\/la-nueva-generacion-de-incendios\/"},"wordCount":1025,"commentCount":0,"publisher":{"@id":"https:\/\/www.ashestolife.es\/en\/#organization"},"image":{"@id":"https:\/\/www.ashestolife.es\/en\/la-nueva-generacion-de-incendios\/#primaryimage"},"thumbnailUrl":"https:\/\/www.ashestolife.es\/wp-content\/uploads\/2019\/05\/Soluci\u00f3n-Incendio-Forestal-3.jpg","articleSection":["INCENDIOS FORESTALES"],"inLanguage":"en-US","potentialAction":[{"@type":"CommentAction","name":"Comment","target":["https:\/\/www.ashestolife.es\/en\/la-nueva-generacion-de-incendios\/#respond"]}]},{"@type":"WebPage","@id":"https:\/\/www.ashestolife.es\/en\/la-nueva-generacion-de-incendios\/","url":"https:\/\/www.ashestolife.es\/en\/la-nueva-generacion-de-incendios\/","name":"La nueva generaci\u00f3n de incendios forestales | ASHES TO LIFE","isPartOf":{"@id":"https:\/\/www.ashestolife.es\/en\/#website"},"primaryImageOfPage":{"@id":"https:\/\/www.ashestolife.es\/en\/la-nueva-generacion-de-incendios\/#primaryimage"},"image":{"@id":"https:\/\/www.ashestolife.es\/en\/la-nueva-generacion-de-incendios\/#primaryimage"},"thumbnailUrl":"https:\/\/www.ashestolife.es\/wp-content\/uploads\/2019\/05\/Soluci\u00f3n-Incendio-Forestal-3.jpg","datePublished":"2019-05-16T05:35:31+00:00","dateModified":"2026-03-30T22:15:30+00:00","description":"La nueva generaci\u00f3n de incendios forestales son cada vez m\u00e1s grandes, m\u00e1s incontrolables y afectan a un mayor n\u00famero de poblaci\u00f3n. Seguir leyendo aqu\u00ed.","breadcrumb":{"@id":"https:\/\/www.ashestolife.es\/en\/la-nueva-generacion-de-incendios\/#breadcrumb"},"inLanguage":"en-US","potentialAction":[{"@type":"ReadAction","target":["https:\/\/www.ashestolife.es\/en\/la-nueva-generacion-de-incendios\/"]}]},{"@type":"ImageObject","inLanguage":"en-US","@id":"https:\/\/www.ashestolife.es\/en\/la-nueva-generacion-de-incendios\/#primaryimage","url":"https:\/\/www.ashestolife.es\/wp-content\/uploads\/2019\/05\/Soluci\u00f3n-Incendio-Forestal-3.jpg","contentUrl":"https:\/\/www.ashestolife.es\/wp-content\/uploads\/2019\/05\/Soluci\u00f3n-Incendio-Forestal-3.jpg","width":770,"height":500,"caption":"Soluci\u00f3n-Incendio-Forestal-ashes"},{"@type":"BreadcrumbList","@id":"https:\/\/www.ashestolife.es\/en\/la-nueva-generacion-de-incendios\/#breadcrumb","itemListElement":[{"@type":"ListItem","position":1,"name":"Environmental project","item":"https:\/\/www.ashestolife.es\/en\/"},{"@type":"ListItem","position":2,"name":"LA NUEVA GENERACI\u00d3N DE INCENDIOS FORESTALES REQUIERE NUEVOS ENFOQUES"}]},{"@type":"WebSite","@id":"https:\/\/www.ashestolife.es\/en\/#website","url":"https:\/\/www.ashestolife.es\/en\/","name":"ASHES TO LIFE","description":"Cosm\u00e9tica Ecol\u00f3gica","publisher":{"@id":"https:\/\/www.ashestolife.es\/en\/#organization"},"potentialAction":[{"@type":"SearchAction","target":{"@type":"EntryPoint","urlTemplate":"https:\/\/www.ashestolife.es\/en\/?s={search_term_string}"},"query-input":{"@type":"PropertyValueSpecification","valueRequired":true,"valueName":"search_term_string"}}],"inLanguage":"en-US"},{"@type":"Organization","@id":"https:\/\/www.ashestolife.es\/en\/#organization","name":"ASHES TO LIFE","url":"https:\/\/www.ashestolife.es\/en\/","logo":{"@type":"ImageObject","inLanguage":"en-US","@id":"https:\/\/www.ashestolife.es\/en\/#\/schema\/logo\/image\/","url":"https:\/\/www.ashestolife.es\/wp-content\/uploads\/2018\/06\/Logo-2.jpg","contentUrl":"https:\/\/www.ashestolife.es\/wp-content\/uploads\/2018\/06\/Logo-2.jpg","width":1382,"height":1412,"caption":"ASHES TO LIFE"},"image":{"@id":"https:\/\/www.ashestolife.es\/en\/#\/schema\/logo\/image\/"},"sameAs":["https:\/\/www.facebook.com\/ASHESTOLIFEproject\/","https:\/\/x.com\/ASHES_TO_LIFE","https:\/\/www.instagram.com\/ashes_to_life_\/","https:\/\/www.linkedin.com\/company\/ashestolife","https:\/\/www.pinterest.es\/ashestolife\/","https:\/\/www.youtube.com\/channel\/UCme6IF0nbv0B6oAl9fagmRA"]},{"@type":"Person","@id":"https:\/\/www.ashestolife.es\/en\/#\/schema\/person\/ebba6d0311ff49795eaa6885895ece5b","name":"ASHES TO LIFE","image":{"@type":"ImageObject","inLanguage":"en-US","@id":"https:\/\/secure.gravatar.com\/avatar\/8033ad593ba6ae776e31c1adf7ba8b52c6d55fa7a2dbc115e9e2d89c5ac7d73f?s=96&d=mm&r=g","url":"https:\/\/secure.gravatar.com\/avatar\/8033ad593ba6ae776e31c1adf7ba8b52c6d55fa7a2dbc115e9e2d89c5ac7d73f?s=96&d=mm&r=g","contentUrl":"https:\/\/secure.gravatar.com\/avatar\/8033ad593ba6ae776e31c1adf7ba8b52c6d55fa7a2dbc115e9e2d89c5ac7d73f?s=96&d=mm&r=g","caption":"ASHES TO LIFE"},"description":"Queremos devolver a la vida los bosques incendiados transformando parte de sus cenizas en productos ecol\u00f3gicos. #CUIDATUPIELYLADELPLANETA","sameAs":["http:\/\/www.ashestolife.es"],"url":"https:\/\/www.ashestolife.es\/en\/author\/ashestolife\/"}]}},"_links":{"self":[{"href":"https:\/\/www.ashestolife.es\/en\/wp-json\/wp\/v2\/posts\/4069","targetHints":{"allow":["GET"]}}],"collection":[{"href":"https:\/\/www.ashestolife.es\/en\/wp-json\/wp\/v2\/posts"}],"about":[{"href":"https:\/\/www.ashestolife.es\/en\/wp-json\/wp\/v2\/types\/post"}],"author":[{"embeddable":true,"href":"https:\/\/www.ashestolife.es\/en\/wp-json\/wp\/v2\/users\/5"}],"replies":[{"embeddable":true,"href":"https:\/\/www.ashestolife.es\/en\/wp-json\/wp\/v2\/comments?post=4069"}],"version-history":[{"count":10,"href":"https:\/\/www.ashestolife.es\/en\/wp-json\/wp\/v2\/posts\/4069\/revisions"}],"predecessor-version":[{"id":12550,"href":"https:\/\/www.ashestolife.es\/en\/wp-json\/wp\/v2\/posts\/4069\/revisions\/12550"}],"wp:featuredmedia":[{"embeddable":true,"href":"https:\/\/www.ashestolife.es\/en\/wp-json\/wp\/v2\/media\/4072"}],"wp:attachment":[{"href":"https:\/\/www.ashestolife.es\/en\/wp-json\/wp\/v2\/media?parent=4069"}],"wp:term":[{"taxonomy":"category","embeddable":true,"href":"https:\/\/www.ashestolife.es\/en\/wp-json\/wp\/v2\/categories?post=4069"},{"taxonomy":"post_tag","embeddable":true,"href":"https:\/\/www.ashestolife.es\/en\/wp-json\/wp\/v2\/tags?post=4069"}],"curies":[{"name":"wp","href":"https:\/\/api.w.org\/{rel}","templated":true}]}}