{"id":4554,"date":"2019-09-02T08:49:05","date_gmt":"2019-09-02T06:49:05","guid":{"rendered":"https:\/\/www.ashestolife.es\/?p=4554"},"modified":"2026-03-31T00:15:03","modified_gmt":"2026-03-30T22:15:03","slug":"sanar-la-piel-tras-el-verano","status":"publish","type":"post","link":"https:\/\/www.ashestolife.es\/en\/sanar-la-piel-tras-el-verano\/","title":{"rendered":"SANAR LA PIEL TRAS EL VERANO"},"content":{"rendered":"<p>La conclusi\u00f3n de las vacaciones estivales es un momento id\u00f3neo para recuperarnos de los\u00a0gratos excesos que hemos cometido en cuanto a sol, agua de mar, agua con cloro de las piscinas, la falta de descanso y un largo etc.,\u00a0 que nos devuelve al d\u00eda a d\u00eda laboral y a la rutina anual. Y es \u00e9ste el momento de evaluar el impacto que la din\u00e1mica del ocio ha dejado en nuestra piel. <strong>Una correcta valoraci\u00f3n dermatol\u00f3gica de un profesional y seguir unos consejos b\u00e1sicos de cuidado, nos permitir\u00e1 abordar adecuadamente las necesidades y sanar la piel tras el verano\u00a0<\/strong>ayudando a prolongar, adem\u00e1s, el bronceado.<\/p>\n<p>&nbsp;<\/p>\n<p>&nbsp;<\/p>\n<p>Las vacaciones nos dejan un mont\u00f3n de im\u00e1genes, sensaciones y vivencias placenteras. Pero tambi\u00e9n nos dejan algunas consecuencias sobre el \u00f3rgano m\u00e1s extenso de nuestro cuerpo: la piel. <strong>Tras el verano, la piel vuelve a la rutina m\u00e1s deshidratada y en ocasiones, hasta con manchas<\/strong>.<\/p>\n<p>&nbsp;<\/p>\n<p>&nbsp;<\/p>\n<p>Tal y como expon\u00edamos en el art\u00edculo de este mismo blog \u201c<a href=\"https:\/\/www.ashestolife.es\/en\/hidratacion-vida-para-la-piel\/\"><strong>Hidrataci\u00f3n: vida para la piel<\/strong><\/a>\u201d, para mantener la piel hidratada es necesaria tanto la hidrataci\u00f3n externa como la interna. Es muy habitual la frase \u201cme he pasado\u2026(con la comida, con los recortes de sue\u00f1o, con la exposici\u00f3n al sol\u2026)\u201d, unos excesos que deben corregirse. De ah\u00ed la <strong>importancia de restaurar los h\u00e1bitos de vida saludables que refuerzan nuestro bienestar y frenan el envejecimiento de nuestra piel<\/strong>.<\/p>\n<p>&nbsp;<\/p>\n<p>&nbsp;<\/p>\n<p>Factores como las altas temperaturas, el cloro de las piscinas e incluso la sal del mar colaboran en la p\u00e9rdida de hidrataci\u00f3n de la piel. Pero el sol, adem\u00e1s, provoca fotoenvejecimiento y desencadena la acci\u00f3n de los radicales libres que son los causantes de las arrugas y de la flacidez cut\u00e1nea. A su vez, el exceso de exposici\u00f3n solar tambi\u00e9n provoca la aparici\u00f3n de acn\u00e9 debido a que la piel no se oxigena lo suficiente y provoca que la grasa se quede enquistada en su interior.<\/p>\n<p>&nbsp;<\/p>\n<p>&nbsp;<\/p>\n<p><img loading=\"lazy\" decoding=\"async\" class=\"aligncenter wp-image-4557 size-full\" title=\"Claves para cuidar la piel tras el verano | ASHES TO LIFE\" src=\"https:\/\/www.ashestolife.es\/wp-content\/uploads\/2019\/08\/Sanar-la-piel-tras-el-verano-02.jpg\" alt=\"La cosm\u00e9tica ecol\u00f3gica certificada es el aliado perfecto para cuidar la piel tras el verano ya que este tipo de productos aportan a la piel todas sus propiedades ben\u00e9ficas y son respetuosos con el medio ambiente. \" width=\"770\" height=\"500\" srcset=\"https:\/\/www.ashestolife.es\/wp-content\/uploads\/2019\/08\/Sanar-la-piel-tras-el-verano-02.jpg 770w, https:\/\/www.ashestolife.es\/wp-content\/uploads\/2019\/08\/Sanar-la-piel-tras-el-verano-02-250x162.jpg 250w, https:\/\/www.ashestolife.es\/wp-content\/uploads\/2019\/08\/Sanar-la-piel-tras-el-verano-02-768x499.jpg 768w, https:\/\/www.ashestolife.es\/wp-content\/uploads\/2019\/08\/Sanar-la-piel-tras-el-verano-02-370x241.jpg 370w, https:\/\/www.ashestolife.es\/wp-content\/uploads\/2019\/08\/Sanar-la-piel-tras-el-verano-02-670x435.jpg 670w, https:\/\/www.ashestolife.es\/wp-content\/uploads\/2019\/08\/Sanar-la-piel-tras-el-verano-02-600x390.jpg 600w\" sizes=\"auto, (max-width: 770px) 100vw, 770px\" \/><\/p>\n<p>&nbsp;<\/p>\n<p>&nbsp;<\/p>\n<p><strong>TIPS QUE AYUDAN A SANAR LA PIEL TRAS EL VERANO<\/strong><\/p>\n<p>&nbsp;<\/p>\n<p>Como dec\u00edamos anteriormente, las largas exposiciones al sol a las que hemos sometido a la piel durante la \u00e9poca estival provocan grandes consecuencias y, pese a lucir una piel morena, no siempre luce de una forma saludable. Por ello, si no lo has hecho ya, recomendamos seguir estos sencillos consejos que te ayudar\u00e1n a sanar la piel tras el verano:<\/p>\n<p>&nbsp;<\/p>\n<ul>\n<li><strong>ALIMENTACI\u00d3N<\/strong>. No solo debemos hidratar la piel desde fuera. Lo que comemos influye directamente en la salud y aspecto de nuestra piel. Que luzca apagada, sin brillo y con imperfecciones puede ser debido a una mala alimentaci\u00f3n.<\/li>\n<\/ul>\n<p>&nbsp;<\/p>\n<p>Tras un verano de excesos, conviene prestar especial atenci\u00f3n a los alimentos que consumimos. Conviene que estos alimentos sean naturales y que contengan la mayor cantidad posible de nutrientes y agua. Ingerir alimentos ricos en licopenos, betacarotenos y vitamina C que aporta poder antioxidante y protecci\u00f3n frente a los radicales libres, ilumina la piel y unifica el tono adquirido.<\/p>\n<p>&nbsp;<\/p>\n<p>Adem\u00e1s, Como hemos citado en otras ocasiones, la vitamina C tambi\u00e9n es reafirmante. Posee la capacidad de aumentar la s\u00edntesis de col\u00e1geno al estimular las fibras que participan en su s\u00edntesis y hace que se obtenga una piel m\u00e1s el\u00e1stica y m\u00e1s joven.<\/p>\n<p>&nbsp;<\/p>\n<ul>\n<li><strong>EXFOLIACI\u00d3N.\u00a0<\/strong>Es una rutina facial imprescindible en esta \u00e9poca del a\u00f1o. Limpiar la piel y exfoliarla es el primer paso para mejorar su salud Con ello, tal y como expon\u00edamos en el art\u00edculo \u201c<a href=\"https:\/\/www.ashestolife.es\/en\/la-importancia-de-exfoliar-la-piel\/\"><strong>La importancia de exfoliar la piel<\/strong><\/a>\u201d, se eliminan las c\u00e9lulas muertas, impurezas y rugosidades de la piel. Adem\u00e1s, la exfoliaci\u00f3n deja preparada la piel para recibir cualquier tratamiento.<\/li>\n<\/ul>\n<p>&nbsp;<\/p>\n<p>Para realizar una correcta exfoliaci\u00f3n, conviene utilizar <strong>productos exfoliantes ecol\u00f3gicos\u00a0<\/strong>que adem\u00e1s contengan minerales y activos muy hidratantes que, al ser aplicados mediante un masaje estimulante y drenante, mejoren notablemente la calidad, aspecto, firmeza y luminosidad de la piel.<\/p>\n<p>&nbsp;<\/p>\n<ul>\n<li><strong>REPARACI\u00d3N<\/strong>. Una vez realizada la exfoliaci\u00f3n, es imprescindible nutrir y reparar la piel. Conviene utilizar productos que contengan ingredientes regenerantes, nutritivos y calmantes, m\u00e1xime cuando la piel se encuentra muy irritada.<\/li>\n<\/ul>\n<p>&nbsp;<\/p>\n<ul>\n<li><strong>HIDRATACI\u00d3N<\/strong>. Es evidente, pero muchas veces no hidratamos la piel como es necesario. Y la hidrataci\u00f3n es el factor clave para lucir una piel radiante y luminosa. Una correcta hidrataci\u00f3n ayuda, a su vez, a prolongar el bronceado.<\/li>\n<\/ul>\n<p>&nbsp;<\/p>\n<p>Factores externos propios del verano como los cambios dr\u00e1sticos de temperatura, el viento y largas exposiciones al sol entre otros, hacen que el agua de nuestra piel se evapore r\u00e1pidamente, provocando que se acelere el proceso de envejecimiento y aumentando significativamente el riesgo de presentar manchas o imperfecciones. Por ello es necesario prestar especial atenci\u00f3n tanto a la hidrataci\u00f3n interna como la externa.<\/p>\n<p>&nbsp;<\/p>\n<ul>\n<li><strong>PROTECCI\u00d3N<\/strong>. Resulta conveniente continuar usando el protector solar. La piel necesita estar protegida de los rayos ultravioleta todo el a\u00f1o, por lo que es esencial mantener la protecci\u00f3n adecuada a nuestro tipo de piel durante los doce meses. Adem\u00e1s, la protecci\u00f3n ayuda a potenciar las defensas de la piel evitando el envejecimiento prematuro y reduciendo la aparici\u00f3n de arrugas y manchas.<\/li>\n<\/ul>\n<p>&nbsp;<\/p>\n<p><img loading=\"lazy\" decoding=\"async\" class=\"aligncenter wp-image-4559 size-full\" title=\"Productos de cosm\u00e9tica ecol\u00f3gica certificada | ASHES TO LIFE\" src=\"https:\/\/www.ashestolife.es\/wp-content\/uploads\/2019\/08\/Sanar-la-piel-tras-el-verano-03.jpg\" alt=\"Box Tratamiento compuesto por una Pastilla de Jab\u00f3n de Ceniza de 100 g. m\u00e1s una Pastilla de Jab\u00f3n de Ceniza Exfoliante 100 g. con 98,09% y 95,34% de ingredientes ecol\u00f3gicos respectivamente. \" width=\"770\" height=\"500\" srcset=\"https:\/\/www.ashestolife.es\/wp-content\/uploads\/2019\/08\/Sanar-la-piel-tras-el-verano-03.jpg 770w, https:\/\/www.ashestolife.es\/wp-content\/uploads\/2019\/08\/Sanar-la-piel-tras-el-verano-03-250x162.jpg 250w, https:\/\/www.ashestolife.es\/wp-content\/uploads\/2019\/08\/Sanar-la-piel-tras-el-verano-03-768x499.jpg 768w, https:\/\/www.ashestolife.es\/wp-content\/uploads\/2019\/08\/Sanar-la-piel-tras-el-verano-03-370x241.jpg 370w, https:\/\/www.ashestolife.es\/wp-content\/uploads\/2019\/08\/Sanar-la-piel-tras-el-verano-03-670x435.jpg 670w, https:\/\/www.ashestolife.es\/wp-content\/uploads\/2019\/08\/Sanar-la-piel-tras-el-verano-03-600x390.jpg 600w\" sizes=\"auto, (max-width: 770px) 100vw, 770px\" \/><\/p>\n<p>&nbsp;<\/p>\n<p>&nbsp;<\/p>\n<p>Siguiendo estos consejos (y siempre bajo la supervisi\u00f3n de un especialista en dermatolog\u00eda), podr\u00e1s conseguir sanar la piel tras el verano, prepararla para la llegada de los meses m\u00e1s fr\u00edos y evitar problemas a corto, medio y largo plazo.<\/p>\n<p>&nbsp;<\/p>\n<p>&nbsp;<\/p>\n<p>Pero adem\u00e1s de seguir estos consejos, para mimar y sanar la piel tras el verano resulta vital seleccionar los productos adecuados. En este sentido, la <strong>cosm\u00e9tica ecol\u00f3gica certificada\u00a0<\/strong>es el aliado perfecto, ya que este tipo de productos aportan a la piel todas sus propiedades ben\u00e9ficas y son respetuosos con el medio ambiente.<\/p>\n<p>&nbsp;<\/p>\n<p>&nbsp;<\/p>\n<p>Desde <strong>ASHES TO LIFE\u00a0<\/strong>hemos elaborado un <a href=\"https:\/\/www.ashestolife.es\/producto\/box-tratamiento\/\"><strong>Box Tratamiento<\/strong><\/a>\u00a0<strong>compuesto por una Pastilla de Jab\u00f3n de Ceniza de 100 g. + una Pastilla de Jab\u00f3n de Ceniza Exfoliante 100 g<\/strong>. (con 98,09% y 95,34% de ingredientes ecol\u00f3gicos respectivamente). Ambos <strong>cosm\u00e9ticos ecol\u00f3gicos\u00a0<\/strong>est\u00e1n certificados por <strong><a href=\"http:\/\/www.biovidasana.org\/certificacion\/\" target=\"_blank\" rel=\"noopener noreferrer\">BioInspecta<\/a><\/strong> bajo la Norma BioVidaSana en su m\u00e1xima categor\u00eda.<\/p>\n<p>&nbsp;<\/p>\n<p>&nbsp;<\/p>\n<p>La exclusiva mezcla de ingredientes ecol\u00f3gicos y aceites esenciales que contiene el <strong>Jab\u00f3n de Ceniza Hidratante<\/strong>, hace que \u00e9ste tenga propiedades suavizantes, elastizantes, antioxidantes, emolientes y regeneradoras. Aportando a su vez a la piel efecto regenerador cut\u00e1neo, antiinflamatorio, calmante, cicatrizante al tiempo que previene y aten\u00faa estr\u00edas y arrugas. Por su parte, el <strong>Jab\u00f3n de Ceniza Exfoliante <\/strong>te permitir\u00e1n exfoliar la piel de una forma responsable, ya que hemos evitado el uso de los micropl\u00e1sticos frecuentemente utilizados en la cosm\u00e9tica convencional sustituy\u00e9ndolos por una alternativas biodegradable que aporta a la piel la capacidad de exfoliaci\u00f3n pero evita la degradaci\u00f3n medioambiental: el micronizado de hueso de aceituna.<\/p>\n<p>&nbsp;<\/p>\n<p>&nbsp;<\/p>\n<p>La utilizaci\u00f3n de <strong>cosm\u00e9tica ecol\u00f3gica certificada\u00a0<\/strong>como la de <strong>ASHES TO LIFE\u00a0<\/strong>que contiene minerales y activos muy hidratantes <strong>permite<\/strong>, al ser aplicada mediante un masaje estimulante y drenante, <strong>mejorar notablemente la calidad, aspecto, firmeza y luminosidad<\/strong>. O dicho de otra forma: <strong>nos ayudan a sanar la piel tras el verano<\/strong>.<\/p>\n<p>&nbsp;<\/p>\n<p><strong>ASHES TO LIFE #CuidaTuPielYlaDelPlaneta<\/strong><\/p>\n","protected":false},"excerpt":{"rendered":"<p>La conclusi\u00f3n de las vacaciones estivales es un momento id\u00f3neo para recuperarnos de los\u00a0gratos excesos que hemos cometido en cuanto a sol, agua de mar, [&hellip;]<\/p>\n","protected":false},"author":5,"featured_media":4555,"comment_status":"open","ping_status":"open","sticky":false,"template":"","format":"standard","meta":{"footnotes":""},"categories":[92],"tags":[],"class_list":["post-4554","post","type-post","status-publish","format-standard","has-post-thumbnail","hentry","category-piel"],"yoast_head":"<!-- This site is optimized with the Yoast SEO Premium plugin v20.12 (Yoast SEO v27.3) - https:\/\/yoast.com\/product\/yoast-seo-premium-wordpress\/ -->\n<title>Consejos para sanar la piel despu\u00e9s el verano | ASHES TO LIFE<\/title>\n<meta name=\"description\" content=\"Tips para mejorar notablemente la calidad, firmeza y luminosidad de tu piel tras el verano que te permitir\u00e1n, adem\u00e1s, prolongar el bronceado.\" \/>\n<meta name=\"robots\" content=\"index, follow, max-snippet:-1, max-image-preview:large, max-video-preview:-1\" \/>\n<link rel=\"canonical\" href=\"https:\/\/www.ashestolife.es\/en\/sanar-la-piel-tras-el-verano\/\" \/>\n<meta property=\"og:locale\" content=\"en_US\" \/>\n<meta property=\"og:type\" content=\"article\" \/>\n<meta property=\"og:title\" content=\"SANAR LA PIEL TRAS EL VERANO\" \/>\n<meta property=\"og:description\" content=\"Tips para mejorar notablemente la calidad, firmeza y luminosidad de tu piel tras el verano que te permitir\u00e1n, adem\u00e1s, prolongar el bronceado.\" \/>\n<meta property=\"og:url\" content=\"https:\/\/www.ashestolife.es\/en\/sanar-la-piel-tras-el-verano\/\" \/>\n<meta property=\"og:site_name\" content=\"ASHES TO LIFE\" \/>\n<meta property=\"article:publisher\" content=\"https:\/\/www.facebook.com\/ASHESTOLIFEproject\/\" \/>\n<meta property=\"article:published_time\" content=\"2019-09-02T06:49:05+00:00\" \/>\n<meta property=\"article:modified_time\" content=\"2026-03-30T22:15:03+00:00\" \/>\n<meta property=\"og:image\" content=\"https:\/\/www.ashestolife.es\/wp-content\/uploads\/2019\/08\/Sanar-la-piel-tras-el-verano-01.jpg\" \/>\n\t<meta property=\"og:image:width\" content=\"770\" \/>\n\t<meta property=\"og:image:height\" content=\"500\" \/>\n\t<meta property=\"og:image:type\" content=\"image\/jpeg\" \/>\n<meta name=\"author\" content=\"ASHES TO LIFE\" \/>\n<meta name=\"twitter:card\" content=\"summary_large_image\" \/>\n<meta name=\"twitter:creator\" content=\"@ASHES_TO_LIFE\" \/>\n<meta name=\"twitter:site\" content=\"@ASHES_TO_LIFE\" \/>\n<meta name=\"twitter:label1\" content=\"Written by\" \/>\n\t<meta name=\"twitter:data1\" content=\"ASHES TO LIFE\" \/>\n\t<meta name=\"twitter:label2\" content=\"Est. reading time\" \/>\n\t<meta name=\"twitter:data2\" content=\"6 minutes\" \/>\n<!-- \/ Yoast SEO Premium plugin. -->","yoast_head_json":{"title":"Consejos para sanar la piel despu\u00e9s el verano | ASHES TO LIFE","description":"Tips para mejorar notablemente la calidad, firmeza y luminosidad de tu piel tras el verano que te permitir\u00e1n, adem\u00e1s, prolongar el bronceado.","robots":{"index":"index","follow":"follow","max-snippet":"max-snippet:-1","max-image-preview":"max-image-preview:large","max-video-preview":"max-video-preview:-1"},"canonical":"https:\/\/www.ashestolife.es\/en\/sanar-la-piel-tras-el-verano\/","og_locale":"en_US","og_type":"article","og_title":"SANAR LA PIEL TRAS EL VERANO","og_description":"Tips para mejorar notablemente la calidad, firmeza y luminosidad de tu piel tras el verano que te permitir\u00e1n, adem\u00e1s, prolongar el bronceado.","og_url":"https:\/\/www.ashestolife.es\/en\/sanar-la-piel-tras-el-verano\/","og_site_name":"ASHES TO LIFE","article_publisher":"https:\/\/www.facebook.com\/ASHESTOLIFEproject\/","article_published_time":"2019-09-02T06:49:05+00:00","article_modified_time":"2026-03-30T22:15:03+00:00","og_image":[{"width":770,"height":500,"url":"https:\/\/www.ashestolife.es\/wp-content\/uploads\/2019\/08\/Sanar-la-piel-tras-el-verano-01.jpg","type":"image\/jpeg"}],"author":"ASHES TO LIFE","twitter_card":"summary_large_image","twitter_creator":"@ASHES_TO_LIFE","twitter_site":"@ASHES_TO_LIFE","twitter_misc":{"Written by":"ASHES TO LIFE","Est. reading time":"6 minutes"},"schema":{"@context":"https:\/\/schema.org","@graph":[{"@type":"Article","@id":"https:\/\/www.ashestolife.es\/en\/sanar-la-piel-tras-el-verano\/#article","isPartOf":{"@id":"https:\/\/www.ashestolife.es\/en\/sanar-la-piel-tras-el-verano\/"},"author":{"name":"ASHES TO LIFE","@id":"https:\/\/www.ashestolife.es\/en\/#\/schema\/person\/ebba6d0311ff49795eaa6885895ece5b"},"headline":"SANAR LA PIEL TRAS EL VERANO","datePublished":"2019-09-02T06:49:05+00:00","dateModified":"2026-03-30T22:15:03+00:00","mainEntityOfPage":{"@id":"https:\/\/www.ashestolife.es\/en\/sanar-la-piel-tras-el-verano\/"},"wordCount":1256,"commentCount":0,"publisher":{"@id":"https:\/\/www.ashestolife.es\/en\/#organization"},"image":{"@id":"https:\/\/www.ashestolife.es\/en\/sanar-la-piel-tras-el-verano\/#primaryimage"},"thumbnailUrl":"https:\/\/www.ashestolife.es\/wp-content\/uploads\/2019\/08\/Sanar-la-piel-tras-el-verano-01.jpg","articleSection":["PIEL Y DERMATOLOG\u00cdA"],"inLanguage":"en-US","potentialAction":[{"@type":"CommentAction","name":"Comment","target":["https:\/\/www.ashestolife.es\/en\/sanar-la-piel-tras-el-verano\/#respond"]}]},{"@type":"WebPage","@id":"https:\/\/www.ashestolife.es\/en\/sanar-la-piel-tras-el-verano\/","url":"https:\/\/www.ashestolife.es\/en\/sanar-la-piel-tras-el-verano\/","name":"Consejos para sanar la piel despu\u00e9s el verano | ASHES TO LIFE","isPartOf":{"@id":"https:\/\/www.ashestolife.es\/en\/#website"},"primaryImageOfPage":{"@id":"https:\/\/www.ashestolife.es\/en\/sanar-la-piel-tras-el-verano\/#primaryimage"},"image":{"@id":"https:\/\/www.ashestolife.es\/en\/sanar-la-piel-tras-el-verano\/#primaryimage"},"thumbnailUrl":"https:\/\/www.ashestolife.es\/wp-content\/uploads\/2019\/08\/Sanar-la-piel-tras-el-verano-01.jpg","datePublished":"2019-09-02T06:49:05+00:00","dateModified":"2026-03-30T22:15:03+00:00","description":"Tips para mejorar notablemente la calidad, firmeza y luminosidad de tu piel tras el verano que te permitir\u00e1n, adem\u00e1s, prolongar el bronceado.","breadcrumb":{"@id":"https:\/\/www.ashestolife.es\/en\/sanar-la-piel-tras-el-verano\/#breadcrumb"},"inLanguage":"en-US","potentialAction":[{"@type":"ReadAction","target":["https:\/\/www.ashestolife.es\/en\/sanar-la-piel-tras-el-verano\/"]}]},{"@type":"ImageObject","inLanguage":"en-US","@id":"https:\/\/www.ashestolife.es\/en\/sanar-la-piel-tras-el-verano\/#primaryimage","url":"https:\/\/www.ashestolife.es\/wp-content\/uploads\/2019\/08\/Sanar-la-piel-tras-el-verano-01.jpg","contentUrl":"https:\/\/www.ashestolife.es\/wp-content\/uploads\/2019\/08\/Sanar-la-piel-tras-el-verano-01.jpg","width":770,"height":500,"caption":"Sanar-la-piel-tras-el-verano"},{"@type":"BreadcrumbList","@id":"https:\/\/www.ashestolife.es\/en\/sanar-la-piel-tras-el-verano\/#breadcrumb","itemListElement":[{"@type":"ListItem","position":1,"name":"Environmental project","item":"https:\/\/www.ashestolife.es\/en\/"},{"@type":"ListItem","position":2,"name":"SANAR LA PIEL TRAS EL VERANO"}]},{"@type":"WebSite","@id":"https:\/\/www.ashestolife.es\/en\/#website","url":"https:\/\/www.ashestolife.es\/en\/","name":"ASHES TO LIFE","description":"Cosm\u00e9tica Ecol\u00f3gica","publisher":{"@id":"https:\/\/www.ashestolife.es\/en\/#organization"},"potentialAction":[{"@type":"SearchAction","target":{"@type":"EntryPoint","urlTemplate":"https:\/\/www.ashestolife.es\/en\/?s={search_term_string}"},"query-input":{"@type":"PropertyValueSpecification","valueRequired":true,"valueName":"search_term_string"}}],"inLanguage":"en-US"},{"@type":"Organization","@id":"https:\/\/www.ashestolife.es\/en\/#organization","name":"ASHES TO LIFE","url":"https:\/\/www.ashestolife.es\/en\/","logo":{"@type":"ImageObject","inLanguage":"en-US","@id":"https:\/\/www.ashestolife.es\/en\/#\/schema\/logo\/image\/","url":"https:\/\/www.ashestolife.es\/wp-content\/uploads\/2018\/06\/Logo-2.jpg","contentUrl":"https:\/\/www.ashestolife.es\/wp-content\/uploads\/2018\/06\/Logo-2.jpg","width":1382,"height":1412,"caption":"ASHES TO LIFE"},"image":{"@id":"https:\/\/www.ashestolife.es\/en\/#\/schema\/logo\/image\/"},"sameAs":["https:\/\/www.facebook.com\/ASHESTOLIFEproject\/","https:\/\/x.com\/ASHES_TO_LIFE","https:\/\/www.instagram.com\/ashes_to_life_\/","https:\/\/www.linkedin.com\/company\/ashestolife","https:\/\/www.pinterest.es\/ashestolife\/","https:\/\/www.youtube.com\/channel\/UCme6IF0nbv0B6oAl9fagmRA"]},{"@type":"Person","@id":"https:\/\/www.ashestolife.es\/en\/#\/schema\/person\/ebba6d0311ff49795eaa6885895ece5b","name":"ASHES TO LIFE","image":{"@type":"ImageObject","inLanguage":"en-US","@id":"https:\/\/secure.gravatar.com\/avatar\/8033ad593ba6ae776e31c1adf7ba8b52c6d55fa7a2dbc115e9e2d89c5ac7d73f?s=96&d=mm&r=g","url":"https:\/\/secure.gravatar.com\/avatar\/8033ad593ba6ae776e31c1adf7ba8b52c6d55fa7a2dbc115e9e2d89c5ac7d73f?s=96&d=mm&r=g","contentUrl":"https:\/\/secure.gravatar.com\/avatar\/8033ad593ba6ae776e31c1adf7ba8b52c6d55fa7a2dbc115e9e2d89c5ac7d73f?s=96&d=mm&r=g","caption":"ASHES TO LIFE"},"description":"Queremos devolver a la vida los bosques incendiados transformando parte de sus cenizas en productos ecol\u00f3gicos. #CUIDATUPIELYLADELPLANETA","sameAs":["http:\/\/www.ashestolife.es"],"url":"https:\/\/www.ashestolife.es\/en\/author\/ashestolife\/"}]}},"_links":{"self":[{"href":"https:\/\/www.ashestolife.es\/en\/wp-json\/wp\/v2\/posts\/4554","targetHints":{"allow":["GET"]}}],"collection":[{"href":"https:\/\/www.ashestolife.es\/en\/wp-json\/wp\/v2\/posts"}],"about":[{"href":"https:\/\/www.ashestolife.es\/en\/wp-json\/wp\/v2\/types\/post"}],"author":[{"embeddable":true,"href":"https:\/\/www.ashestolife.es\/en\/wp-json\/wp\/v2\/users\/5"}],"replies":[{"embeddable":true,"href":"https:\/\/www.ashestolife.es\/en\/wp-json\/wp\/v2\/comments?post=4554"}],"version-history":[{"count":10,"href":"https:\/\/www.ashestolife.es\/en\/wp-json\/wp\/v2\/posts\/4554\/revisions"}],"predecessor-version":[{"id":12537,"href":"https:\/\/www.ashestolife.es\/en\/wp-json\/wp\/v2\/posts\/4554\/revisions\/12537"}],"wp:featuredmedia":[{"embeddable":true,"href":"https:\/\/www.ashestolife.es\/en\/wp-json\/wp\/v2\/media\/4555"}],"wp:attachment":[{"href":"https:\/\/www.ashestolife.es\/en\/wp-json\/wp\/v2\/media?parent=4554"}],"wp:term":[{"taxonomy":"category","embeddable":true,"href":"https:\/\/www.ashestolife.es\/en\/wp-json\/wp\/v2\/categories?post=4554"},{"taxonomy":"post_tag","embeddable":true,"href":"https:\/\/www.ashestolife.es\/en\/wp-json\/wp\/v2\/tags?post=4554"}],"curies":[{"name":"wp","href":"https:\/\/api.w.org\/{rel}","templated":true}]}}