{"id":5178,"date":"2020-06-08T09:35:15","date_gmt":"2020-06-08T07:35:15","guid":{"rendered":"https:\/\/www.ashestolife.es\/?p=5178"},"modified":"2026-03-31T00:14:12","modified_gmt":"2026-03-30T22:14:12","slug":"cosmetica-ecologica-certificada-un-modelo-economico-al-servicio-de-las-personas-y-el-planeta","status":"publish","type":"post","link":"https:\/\/www.ashestolife.es\/en\/cosmetica-ecologica-certificada-un-modelo-economico-al-servicio-de-las-personas-y-el-planeta\/","title":{"rendered":"COSM\u00c9TICA ECOL\u00d3GICA CERTIFICADA, UN MODELO ECON\u00d3MICO AL SERVICIO DE LAS PERSONAS Y EL PLANETA"},"content":{"rendered":"<p>La actual crisis sanitaria nos ha demostrado que <strong>la salud, el medio ambiente y la econom\u00eda son pilares b\u00e1sicos para el bienestar social<\/strong>. Y es que el Covid-19 ha causado una notable incremento en la demanda de productos de belleza y cuidado personal seguros, de confianza y respetuosos con el medio ambiente. En este sentido, la cosm\u00e9tica ecol\u00f3gica certificada se presenta como la mejor opci\u00f3n <strong>dentro del sector cosm\u00e9tico<\/strong> para satisfacer esta tendencia del mercado, pues adem\u00e1s de preocuparse por el cuidado de la piel y por el medio ambiente, <strong>la cosm\u00e9tica ecol\u00f3gica certificada es un modelo econ\u00f3mico al servicio de las personas y el planeta<\/strong>.<\/p>\n<p>&nbsp;<\/p>\n<p>&nbsp;<\/p>\n<p>La sociedad, por lo general, siente una gran preocupaci\u00f3n por su salud. Y no cabe duda que la\u00a0situaci\u00f3n de incertidumbre provocada por el coronavirus ha afectado a los h\u00e1bitos de compra, pues <strong>el consumidor muestra una mayor preocupaci\u00f3n por la forma en la que se producen los productos y las consecuencias sociales y medioambientales que tienen sus procesos productivos<\/strong>.<\/p>\n<p>&nbsp;<\/p>\n<p>&nbsp;<\/p>\n<p>Esta afirmaci\u00f3n se refleja en el <strong><a href=\"https:\/\/www.kantar.com\/Campaigns\/Covid-19-Barometer\" target=\"_blank\" rel=\"noopener noreferrer\">Bar\u00f3metro Covid-19 de Kantar<\/a><\/strong>, donde se puede apreciar que los consumidores han cambiado y tienen unas nuevas necesidades, valores y comportamientos. El informe, muestra como este \u201cnuevo consumidor\u201d busca marcas que tengan en cuenta el contexto actual y que no sean oportunistas e insensibles, si no que ofrezcan soluciones y una perspectiva positiva.<\/p>\n<p>&nbsp;<\/p>\n<p>&nbsp;<\/p>\n<p>Como dec\u00edamos al inicio del art\u00edculo, la cosm\u00e9tica ecol\u00f3gica certificada es un modelo econ\u00f3mico al servicio de las personas y el planeta. Por este motivo, cobra aun m\u00e1s valor, si cabe, dentro del sector cosm\u00e9tico.<\/p>\n<p>&nbsp;<\/p>\n<p>&nbsp;<\/p>\n<p><img loading=\"lazy\" decoding=\"async\" class=\"aligncenter wp-image-5181 size-full\" title=\"Cosm\u00e9tica ecol\u00f3gica certificada para respetar la biodiversidad | ASHES TO LIFE \" src=\"https:\/\/www.ashestolife.es\/wp-content\/uploads\/2020\/06\/Cosmetica_Ecologica_Ashes_to_life_02.jpg\" alt=\"La cosm\u00e9tica ecol\u00f3gica certificada es un modelo econ\u00f3mico al servicio de las personas y el planeta\" width=\"770\" height=\"500\" srcset=\"https:\/\/www.ashestolife.es\/wp-content\/uploads\/2020\/06\/Cosmetica_Ecologica_Ashes_to_life_02.jpg 770w, https:\/\/www.ashestolife.es\/wp-content\/uploads\/2020\/06\/Cosmetica_Ecologica_Ashes_to_life_02-250x162.jpg 250w, https:\/\/www.ashestolife.es\/wp-content\/uploads\/2020\/06\/Cosmetica_Ecologica_Ashes_to_life_02-768x499.jpg 768w, https:\/\/www.ashestolife.es\/wp-content\/uploads\/2020\/06\/Cosmetica_Ecologica_Ashes_to_life_02-370x241.jpg 370w, https:\/\/www.ashestolife.es\/wp-content\/uploads\/2020\/06\/Cosmetica_Ecologica_Ashes_to_life_02-670x435.jpg 670w, https:\/\/www.ashestolife.es\/wp-content\/uploads\/2020\/06\/Cosmetica_Ecologica_Ashes_to_life_02-600x390.jpg 600w\" sizes=\"auto, (max-width: 770px) 100vw, 770px\" \/><\/p>\n<p>&nbsp;<\/p>\n<p>&nbsp;<\/p>\n<p>Y es que tal y como expon\u00edamos en el art\u00edculo \u201c<a href=\"https:\/\/www.ashestolife.es\/en\/razones-para-pasarse-a-la-cosmetica-ecologica\/\"><strong>Razones para pasarse a la cosm\u00e9tica ecol\u00f3gica<\/strong><\/a>\u201d, la preocupaci\u00f3n por la salud y el aumento de la conciencia ambiental, no son las \u00fanicas razones que han propiciado este inter\u00e9s social por la cosm\u00e9tica ecol\u00f3gica. La cantidad de principios activos que ofrecen los ingredientes naturales de su composici\u00f3n, el beneficio que estos aportan para el cuidado de la piel, su tolerancia, se efectividad, el respeto a la biodiversidad que garantiza sus procesos productivos y las certificaciones, son algunas de las razones para pasarse a la cosm\u00e9tica ecol\u00f3gica.<\/p>\n<p>&nbsp;<\/p>\n<p>&nbsp;<\/p>\n<p>Dentro de todas estas razones, la certificaci\u00f3n es la que pone en valor todas sus virtudes, y evidencia que la cosm\u00e9tica ecol\u00f3gica certificada es un modelo econ\u00f3mico al servicio de las personas y el planeta.<\/p>\n<p>&nbsp;<\/p>\n<p>&nbsp;<\/p>\n<p><a href=\"https:\/\/www.ashestolife.es\/en\/la-certificacion-en-cosmetica\/\"><strong>La certificaci\u00f3n en cosm\u00e9tica<\/strong><\/a>, o m\u00e1s concretamente la Norma que rige los criterios de certificaci\u00f3n, es la que <strong>garantiza<\/strong>, entre otras cosas, <strong>la trazabilidad de las materias primas, el respeto por la biodiversidad, los procesos productivos y el cumplimiento de las normas sociales relacionadas con la \u00e9tica en el trabajo y el comercio justo<\/strong>.<\/p>\n<p>&nbsp;<\/p>\n<p>&nbsp;<\/p>\n<p>Conviene recordar que los productos de comercio justo tienen que cumplir varios principios: condiciones laborales y salarios dignos, rechazo a la explotaci\u00f3n laboral infantil, igualdad de g\u00e9nero, y respeto al medioambiente a trav\u00e9s de pr\u00e1cticas respetuosas con el entorno.<\/p>\n<p>&nbsp;<\/p>\n<p>&nbsp;<\/p>\n<p>Estos principios cobran m\u00e1s valor, si cabe, en esta \u00e9poca de cambios e incertidumbre provocada por el Covid-19, cuando la sociedad exige de manera creciente empresas que mejoren su calidad de vida y lo hagan de forma respetuosa con los entornos sociales y ambientales.<\/p>\n<p>&nbsp;<\/p>\n<p>&nbsp;<\/p>\n<p><img loading=\"lazy\" decoding=\"async\" class=\"aligncenter wp-image-5183 size-full\" title=\"La certificaci\u00f3n de la cosm\u00e9tica ecol\u00f3gica vela por la salud de las personas y el planeta | ASHES TO LIFE \" src=\"https:\/\/www.ashestolife.es\/wp-content\/uploads\/2020\/06\/Cosmetica_Ecologica_Ashes_to_life_03.jpg\" alt=\"Los cosm\u00e9ticos ecol\u00f3gicos de ASHES TO LIFE son respetuosos con el medio ambiente\" width=\"770\" height=\"500\" srcset=\"https:\/\/www.ashestolife.es\/wp-content\/uploads\/2020\/06\/Cosmetica_Ecologica_Ashes_to_life_03.jpg 770w, https:\/\/www.ashestolife.es\/wp-content\/uploads\/2020\/06\/Cosmetica_Ecologica_Ashes_to_life_03-250x162.jpg 250w, https:\/\/www.ashestolife.es\/wp-content\/uploads\/2020\/06\/Cosmetica_Ecologica_Ashes_to_life_03-768x499.jpg 768w, https:\/\/www.ashestolife.es\/wp-content\/uploads\/2020\/06\/Cosmetica_Ecologica_Ashes_to_life_03-370x241.jpg 370w, https:\/\/www.ashestolife.es\/wp-content\/uploads\/2020\/06\/Cosmetica_Ecologica_Ashes_to_life_03-670x435.jpg 670w, https:\/\/www.ashestolife.es\/wp-content\/uploads\/2020\/06\/Cosmetica_Ecologica_Ashes_to_life_03-600x390.jpg 600w\" sizes=\"auto, (max-width: 770px) 100vw, 770px\" \/><\/p>\n<p>&nbsp;<\/p>\n<p>&nbsp;<\/p>\n<p>&nbsp;<\/p>\n<p>Desde <strong>ASHES TO LIFE<\/strong>, <strong>asumimos esta responsabilidad creando productos cosm\u00e9ticos ecol\u00f3gicos respetuosos con el medio ambiente y que<\/strong>, gracias a la certificaci\u00f3n, <strong>garantizan que contribuyen a la creaci\u00f3n de valor en toda la cadena de producci\u00f3n<\/strong>. De esta forma demostramos que la cosm\u00e9tica ecol\u00f3gica certificada es un modelo econ\u00f3mico al servicio de las personas y el planeta. Pero tambi\u00e9n mostramos que, como compa\u00f1\u00eda, no s\u00f3lo nos preocupamos por la cuenta de resultados, sino que <strong>tenemos en mente un sentido \u00e9tico amplio para contribuir a crear un mundo mejor a trav\u00e9s del desarrollo de nuestro Proyecto de Investigaci\u00f3n Medioambiental ASHES TO LIFE Project con el que queremos devolver la vida a los bosques que han sufrido incendios<\/strong>. En definitiva, nos preocupamos por crear un mundo m\u00e1s sostenible, o dicho de otra forma: <strong>ASHES TO LIFE es un modelo de econom\u00eda para la vida<\/strong>.<\/p>\n<p>&nbsp;<\/p>\n<p>&nbsp;<\/p>\n<p>Es por ello que en ASHES TO LIFE nos hemos sumado a la iniciativa impulsada por NESI que tiene como objetivo trabajar por un modelo econ\u00f3mico basado en los Objetivos de Desarrollo Sostenible al servicio de la vida para co-crear el <strong><a href=\"https:\/\/nesi.es\/economia-para-la-vida\/\" target=\"_blank\" rel=\"noopener noreferrer\">Pan A<\/a><\/strong>, un programa de econom\u00eda transformadora fundamentado en cinco pilares:<\/p>\n<p>&nbsp;<\/p>\n<ul>\n<li><strong>Econom\u00eda con sentido<\/strong>: Un modelo econ\u00f3mico que anteponga su prop\u00f3sito social a la mera maximizaci\u00f3n del capital y donde se pueda progresar econ\u00f3micamente a la vez que se crea riqueza social \/ ambiental.<\/li>\n<li><strong>Econom\u00eda local y resiliente<\/strong>: Con capacidad de afrontar crisis sanitarias, energ\u00e9ticas, alimentarias o tecnol\u00f3gicas tanto a nivel local como global y que tenga en cuenta la huella social y ecol\u00f3gica de los productos.<\/li>\n<li><strong>Reinventar el trabajo<\/strong>: Un modelo econ\u00f3mico que facilite el acceso a la educaci\u00f3n y al trabajo digno y motivador de modo que las personas puedan desarrollar su talento y potencial humano y ponerlo al servicio del bien com\u00fan.<\/li>\n<li><strong>Econom\u00eda solidaria y colaborativa<\/strong>: Que ponga en valor la solidaridad y que premie la colaboraci\u00f3n entre aquellas organizaciones y personas que buscan el bien com\u00fan por encima de la competitividad y el individualismo<\/li>\n<li><strong>Econom\u00eda circular regenerativa<\/strong>: Una econom\u00eda basada en el ecodise\u00f1o y el respeto a la naturaleza, que nos permita transformar el actual modelo extractivo y contaminante en uno sostenible que opere dentro de la capacidad de regeneraci\u00f3n del planeta, garantizando as\u00ed las necesidades de las generaciones presentes y futuras.<\/li>\n<\/ul>\n<p>&nbsp;<\/p>\n<p>&nbsp;<\/p>\n<p>Animamos a los consumidores a buscar marcas y productos cosm\u00e9ticos ecol\u00f3gicos que dispongan de Sellos de Certificaci\u00f3n que garanticen las propiedades y atributos de los productos, la trazabilidad de las materias primas, el respeto por la biodiversidad, los procesos productivos y el cumplimiento de las normas sociales relacionadas con la \u00e9tica en el trabajo y el comercio justo. Sin duda, es la mejor opci\u00f3n, pues adem\u00e1s de preocuparse por el cuidado de la piel y por el medio ambiente, la <strong><a href=\"https:\/\/www.ashestolife.es\/\">cosm\u00e9tica ecol\u00f3gica<\/a> certificada<\/strong> es un modelo econ\u00f3mico al servicio de las personas y el planeta.<\/p>\n<p>&nbsp;<\/p>\n<p>&nbsp;<\/p>\n<p><strong>ASHES TO LIFE #CuidaTuPielYlaDelPlaneta<\/strong><\/p>\n","protected":false},"excerpt":{"rendered":"<p>La actual crisis sanitaria nos ha demostrado que la salud, el medio ambiente y la econom\u00eda son pilares b\u00e1sicos para el bienestar social. Y es [&hellip;]<\/p>\n","protected":false},"author":5,"featured_media":5179,"comment_status":"open","ping_status":"open","sticky":false,"template":"","format":"standard","meta":{"footnotes":""},"categories":[4],"tags":[],"class_list":["post-5178","post","type-post","status-publish","format-standard","has-post-thumbnail","hentry","category-cosmetica-ecologica"],"yoast_head":"<!-- This site is optimized with the Yoast SEO Premium plugin v20.12 (Yoast SEO v27.3) - https:\/\/yoast.com\/product\/yoast-seo-premium-wordpress\/ -->\n<title>Cosm\u00e9tica ecol\u00f3gica: econom\u00eda para la vida | ASHES TO LIFE<\/title>\n<meta name=\"description\" content=\"La cosm\u00e9tica ecol\u00f3gica certificada es un modelo econ\u00f3mico al servicio de las personas y el planeta. Un modelo de econom\u00eda para la vida.\" \/>\n<meta name=\"robots\" content=\"index, follow, max-snippet:-1, max-image-preview:large, max-video-preview:-1\" \/>\n<link rel=\"canonical\" href=\"https:\/\/www.ashestolife.es\/en\/cosmetica-ecologica-certificada-un-modelo-economico-al-servicio-de-las-personas-y-el-planeta\/\" \/>\n<meta property=\"og:locale\" content=\"en_US\" \/>\n<meta property=\"og:type\" content=\"article\" \/>\n<meta property=\"og:title\" content=\"COSM\u00c9TICA ECOL\u00d3GICA CERTIFICADA, UN MODELO ECON\u00d3MICO AL SERVICIO DE LAS PERSONAS Y EL PLANETA\" \/>\n<meta property=\"og:description\" content=\"La cosm\u00e9tica ecol\u00f3gica certificada es un modelo econ\u00f3mico al servicio de las personas y el planeta. Un modelo de econom\u00eda para la vida.\" \/>\n<meta property=\"og:url\" content=\"https:\/\/www.ashestolife.es\/en\/cosmetica-ecologica-certificada-un-modelo-economico-al-servicio-de-las-personas-y-el-planeta\/\" \/>\n<meta property=\"og:site_name\" content=\"ASHES TO LIFE\" \/>\n<meta property=\"article:publisher\" content=\"https:\/\/www.facebook.com\/ASHESTOLIFEproject\/\" \/>\n<meta property=\"article:published_time\" content=\"2020-06-08T07:35:15+00:00\" \/>\n<meta property=\"article:modified_time\" content=\"2026-03-30T22:14:12+00:00\" \/>\n<meta property=\"og:image\" content=\"https:\/\/www.ashestolife.es\/wp-content\/uploads\/2020\/06\/Cosmetica_Ecologica_Ashes_to_life_01.jpg\" \/>\n\t<meta property=\"og:image:width\" content=\"770\" \/>\n\t<meta property=\"og:image:height\" content=\"500\" \/>\n\t<meta property=\"og:image:type\" content=\"image\/jpeg\" \/>\n<meta name=\"author\" content=\"ASHES TO LIFE\" \/>\n<meta name=\"twitter:card\" content=\"summary_large_image\" \/>\n<meta name=\"twitter:creator\" content=\"@ASHES_TO_LIFE\" \/>\n<meta name=\"twitter:site\" content=\"@ASHES_TO_LIFE\" \/>\n<meta name=\"twitter:label1\" content=\"Written by\" \/>\n\t<meta name=\"twitter:data1\" content=\"ASHES TO LIFE\" \/>\n\t<meta name=\"twitter:label2\" content=\"Est. reading time\" \/>\n\t<meta name=\"twitter:data2\" content=\"6 minutes\" \/>\n<!-- \/ Yoast SEO Premium plugin. -->","yoast_head_json":{"title":"Cosm\u00e9tica ecol\u00f3gica: econom\u00eda para la vida | ASHES TO LIFE","description":"La cosm\u00e9tica ecol\u00f3gica certificada es un modelo econ\u00f3mico al servicio de las personas y el planeta. Un modelo de econom\u00eda para la vida.","robots":{"index":"index","follow":"follow","max-snippet":"max-snippet:-1","max-image-preview":"max-image-preview:large","max-video-preview":"max-video-preview:-1"},"canonical":"https:\/\/www.ashestolife.es\/en\/cosmetica-ecologica-certificada-un-modelo-economico-al-servicio-de-las-personas-y-el-planeta\/","og_locale":"en_US","og_type":"article","og_title":"COSM\u00c9TICA ECOL\u00d3GICA CERTIFICADA, UN MODELO ECON\u00d3MICO AL SERVICIO DE LAS PERSONAS Y EL PLANETA","og_description":"La cosm\u00e9tica ecol\u00f3gica certificada es un modelo econ\u00f3mico al servicio de las personas y el planeta. Un modelo de econom\u00eda para la vida.","og_url":"https:\/\/www.ashestolife.es\/en\/cosmetica-ecologica-certificada-un-modelo-economico-al-servicio-de-las-personas-y-el-planeta\/","og_site_name":"ASHES TO LIFE","article_publisher":"https:\/\/www.facebook.com\/ASHESTOLIFEproject\/","article_published_time":"2020-06-08T07:35:15+00:00","article_modified_time":"2026-03-30T22:14:12+00:00","og_image":[{"width":770,"height":500,"url":"https:\/\/www.ashestolife.es\/wp-content\/uploads\/2020\/06\/Cosmetica_Ecologica_Ashes_to_life_01.jpg","type":"image\/jpeg"}],"author":"ASHES TO LIFE","twitter_card":"summary_large_image","twitter_creator":"@ASHES_TO_LIFE","twitter_site":"@ASHES_TO_LIFE","twitter_misc":{"Written by":"ASHES TO LIFE","Est. reading time":"6 minutes"},"schema":{"@context":"https:\/\/schema.org","@graph":[{"@type":"Article","@id":"https:\/\/www.ashestolife.es\/en\/cosmetica-ecologica-certificada-un-modelo-economico-al-servicio-de-las-personas-y-el-planeta\/#article","isPartOf":{"@id":"https:\/\/www.ashestolife.es\/en\/cosmetica-ecologica-certificada-un-modelo-economico-al-servicio-de-las-personas-y-el-planeta\/"},"author":{"name":"ASHES TO LIFE","@id":"https:\/\/www.ashestolife.es\/en\/#\/schema\/person\/ebba6d0311ff49795eaa6885895ece5b"},"headline":"COSM\u00c9TICA ECOL\u00d3GICA CERTIFICADA, UN MODELO ECON\u00d3MICO AL SERVICIO DE LAS PERSONAS Y EL PLANETA","datePublished":"2020-06-08T07:35:15+00:00","dateModified":"2026-03-30T22:14:12+00:00","mainEntityOfPage":{"@id":"https:\/\/www.ashestolife.es\/en\/cosmetica-ecologica-certificada-un-modelo-economico-al-servicio-de-las-personas-y-el-planeta\/"},"wordCount":1143,"commentCount":0,"publisher":{"@id":"https:\/\/www.ashestolife.es\/en\/#organization"},"image":{"@id":"https:\/\/www.ashestolife.es\/en\/cosmetica-ecologica-certificada-un-modelo-economico-al-servicio-de-las-personas-y-el-planeta\/#primaryimage"},"thumbnailUrl":"https:\/\/www.ashestolife.es\/wp-content\/uploads\/2020\/06\/Cosmetica_Ecologica_Ashes_to_life_01.jpg","articleSection":["COSM\u00c9TICA ECOL\u00d3GICA"],"inLanguage":"en-US","potentialAction":[{"@type":"CommentAction","name":"Comment","target":["https:\/\/www.ashestolife.es\/en\/cosmetica-ecologica-certificada-un-modelo-economico-al-servicio-de-las-personas-y-el-planeta\/#respond"]}]},{"@type":"WebPage","@id":"https:\/\/www.ashestolife.es\/en\/cosmetica-ecologica-certificada-un-modelo-economico-al-servicio-de-las-personas-y-el-planeta\/","url":"https:\/\/www.ashestolife.es\/en\/cosmetica-ecologica-certificada-un-modelo-economico-al-servicio-de-las-personas-y-el-planeta\/","name":"Cosm\u00e9tica ecol\u00f3gica: econom\u00eda para la vida | ASHES TO LIFE","isPartOf":{"@id":"https:\/\/www.ashestolife.es\/en\/#website"},"primaryImageOfPage":{"@id":"https:\/\/www.ashestolife.es\/en\/cosmetica-ecologica-certificada-un-modelo-economico-al-servicio-de-las-personas-y-el-planeta\/#primaryimage"},"image":{"@id":"https:\/\/www.ashestolife.es\/en\/cosmetica-ecologica-certificada-un-modelo-economico-al-servicio-de-las-personas-y-el-planeta\/#primaryimage"},"thumbnailUrl":"https:\/\/www.ashestolife.es\/wp-content\/uploads\/2020\/06\/Cosmetica_Ecologica_Ashes_to_life_01.jpg","datePublished":"2020-06-08T07:35:15+00:00","dateModified":"2026-03-30T22:14:12+00:00","description":"La cosm\u00e9tica ecol\u00f3gica certificada es un modelo econ\u00f3mico al servicio de las personas y el planeta. Un modelo de econom\u00eda para la vida.","breadcrumb":{"@id":"https:\/\/www.ashestolife.es\/en\/cosmetica-ecologica-certificada-un-modelo-economico-al-servicio-de-las-personas-y-el-planeta\/#breadcrumb"},"inLanguage":"en-US","potentialAction":[{"@type":"ReadAction","target":["https:\/\/www.ashestolife.es\/en\/cosmetica-ecologica-certificada-un-modelo-economico-al-servicio-de-las-personas-y-el-planeta\/"]}]},{"@type":"ImageObject","inLanguage":"en-US","@id":"https:\/\/www.ashestolife.es\/en\/cosmetica-ecologica-certificada-un-modelo-economico-al-servicio-de-las-personas-y-el-planeta\/#primaryimage","url":"https:\/\/www.ashestolife.es\/wp-content\/uploads\/2020\/06\/Cosmetica_Ecologica_Ashes_to_life_01.jpg","contentUrl":"https:\/\/www.ashestolife.es\/wp-content\/uploads\/2020\/06\/Cosmetica_Ecologica_Ashes_to_life_01.jpg","width":770,"height":500,"caption":"Cosmetica_Ecologica_Ashes_to_life"},{"@type":"BreadcrumbList","@id":"https:\/\/www.ashestolife.es\/en\/cosmetica-ecologica-certificada-un-modelo-economico-al-servicio-de-las-personas-y-el-planeta\/#breadcrumb","itemListElement":[{"@type":"ListItem","position":1,"name":"Environmental project","item":"https:\/\/www.ashestolife.es\/en\/"},{"@type":"ListItem","position":2,"name":"COSM\u00c9TICA ECOL\u00d3GICA CERTIFICADA, UN MODELO ECON\u00d3MICO AL SERVICIO DE LAS PERSONAS Y EL PLANETA"}]},{"@type":"WebSite","@id":"https:\/\/www.ashestolife.es\/en\/#website","url":"https:\/\/www.ashestolife.es\/en\/","name":"ASHES TO LIFE","description":"Cosm\u00e9tica Ecol\u00f3gica","publisher":{"@id":"https:\/\/www.ashestolife.es\/en\/#organization"},"potentialAction":[{"@type":"SearchAction","target":{"@type":"EntryPoint","urlTemplate":"https:\/\/www.ashestolife.es\/en\/?s={search_term_string}"},"query-input":{"@type":"PropertyValueSpecification","valueRequired":true,"valueName":"search_term_string"}}],"inLanguage":"en-US"},{"@type":"Organization","@id":"https:\/\/www.ashestolife.es\/en\/#organization","name":"ASHES TO LIFE","url":"https:\/\/www.ashestolife.es\/en\/","logo":{"@type":"ImageObject","inLanguage":"en-US","@id":"https:\/\/www.ashestolife.es\/en\/#\/schema\/logo\/image\/","url":"https:\/\/www.ashestolife.es\/wp-content\/uploads\/2018\/06\/Logo-2.jpg","contentUrl":"https:\/\/www.ashestolife.es\/wp-content\/uploads\/2018\/06\/Logo-2.jpg","width":1382,"height":1412,"caption":"ASHES TO LIFE"},"image":{"@id":"https:\/\/www.ashestolife.es\/en\/#\/schema\/logo\/image\/"},"sameAs":["https:\/\/www.facebook.com\/ASHESTOLIFEproject\/","https:\/\/x.com\/ASHES_TO_LIFE","https:\/\/www.instagram.com\/ashes_to_life_\/","https:\/\/www.linkedin.com\/company\/ashestolife","https:\/\/www.pinterest.es\/ashestolife\/","https:\/\/www.youtube.com\/channel\/UCme6IF0nbv0B6oAl9fagmRA"]},{"@type":"Person","@id":"https:\/\/www.ashestolife.es\/en\/#\/schema\/person\/ebba6d0311ff49795eaa6885895ece5b","name":"ASHES TO LIFE","image":{"@type":"ImageObject","inLanguage":"en-US","@id":"https:\/\/secure.gravatar.com\/avatar\/8033ad593ba6ae776e31c1adf7ba8b52c6d55fa7a2dbc115e9e2d89c5ac7d73f?s=96&d=mm&r=g","url":"https:\/\/secure.gravatar.com\/avatar\/8033ad593ba6ae776e31c1adf7ba8b52c6d55fa7a2dbc115e9e2d89c5ac7d73f?s=96&d=mm&r=g","contentUrl":"https:\/\/secure.gravatar.com\/avatar\/8033ad593ba6ae776e31c1adf7ba8b52c6d55fa7a2dbc115e9e2d89c5ac7d73f?s=96&d=mm&r=g","caption":"ASHES TO LIFE"},"description":"Queremos devolver a la vida los bosques incendiados transformando parte de sus cenizas en productos ecol\u00f3gicos. #CUIDATUPIELYLADELPLANETA","sameAs":["http:\/\/www.ashestolife.es"],"url":"https:\/\/www.ashestolife.es\/en\/author\/ashestolife\/"}]}},"_links":{"self":[{"href":"https:\/\/www.ashestolife.es\/en\/wp-json\/wp\/v2\/posts\/5178","targetHints":{"allow":["GET"]}}],"collection":[{"href":"https:\/\/www.ashestolife.es\/en\/wp-json\/wp\/v2\/posts"}],"about":[{"href":"https:\/\/www.ashestolife.es\/en\/wp-json\/wp\/v2\/types\/post"}],"author":[{"embeddable":true,"href":"https:\/\/www.ashestolife.es\/en\/wp-json\/wp\/v2\/users\/5"}],"replies":[{"embeddable":true,"href":"https:\/\/www.ashestolife.es\/en\/wp-json\/wp\/v2\/comments?post=5178"}],"version-history":[{"count":13,"href":"https:\/\/www.ashestolife.es\/en\/wp-json\/wp\/v2\/posts\/5178\/revisions"}],"predecessor-version":[{"id":12512,"href":"https:\/\/www.ashestolife.es\/en\/wp-json\/wp\/v2\/posts\/5178\/revisions\/12512"}],"wp:featuredmedia":[{"embeddable":true,"href":"https:\/\/www.ashestolife.es\/en\/wp-json\/wp\/v2\/media\/5179"}],"wp:attachment":[{"href":"https:\/\/www.ashestolife.es\/en\/wp-json\/wp\/v2\/media?parent=5178"}],"wp:term":[{"taxonomy":"category","embeddable":true,"href":"https:\/\/www.ashestolife.es\/en\/wp-json\/wp\/v2\/categories?post=5178"},{"taxonomy":"post_tag","embeddable":true,"href":"https:\/\/www.ashestolife.es\/en\/wp-json\/wp\/v2\/tags?post=5178"}],"curies":[{"name":"wp","href":"https:\/\/api.w.org\/{rel}","templated":true}]}}