{"id":5228,"date":"2020-06-23T19:09:26","date_gmt":"2020-06-23T17:09:26","guid":{"rendered":"https:\/\/www.ashestolife.es\/?p=5228"},"modified":"2026-03-31T00:14:09","modified_gmt":"2026-03-30T22:14:09","slug":"preparar-los-bosques-para-el-verano-tras-la-pandemia","status":"publish","type":"post","link":"https:\/\/www.ashestolife.es\/en\/preparar-los-bosques-para-el-verano-tras-la-pandemia\/","title":{"rendered":"PREPARAR LOS BOSQUES PARA EL VERANO TRAS LA PANDEMIA"},"content":{"rendered":"<p>Durante las \u00faltimas fechas se ha hablado mucho de las consecuencias sociales y econ\u00f3micas que est\u00e1 causando la crisis sanitaria provocada por el Covid-19. Pero no menos importantes son las consecuencias que el confinamiento va a causar sobre el medio ambiente. <strong>El coronavirus ha impedido los cuidados de fincas particulares, el mantenimiento de parques naturales y preparar los bosques para el verano, medidas imprescindibles para luchar contra uno de los mayores problemas a los que nos enfrentamos<\/strong> (y no solo en el periodo estival): <strong>los incendios forestales<\/strong>.<\/p>\n<p>&nbsp;<\/p>\n<p>&nbsp;<\/p>\n<p>En las \u00faltimas semanas, hemos visto multitud de noticias vinculadas a la naturaleza que se han convertido en recurrentes, como las relativas a la presencia de animales en las ciudades. Son im\u00e1genes muy positivas que reflejan como <strong>el descenso de la actividad industrial y log\u00edstica causado por la pandemia ha ayudado<\/strong>, con toda seguridad, <strong>a dar <a href=\"https:\/\/www.ashestolife.es\/en\/covid-19-un-respiro-al-planeta\/\">un respiro al planeta<\/a><\/strong>.<\/p>\n<p>&nbsp;<\/p>\n<p>&nbsp;<\/p>\n<p>Pero este respiro tambi\u00e9n ha afectado a las labores de prevenci\u00f3n de incendios, principalmente la limpieza de vegetaci\u00f3n en zonas sensibles para reducir la masa combustible y prevenir los incendios. Cabe destacar que estas tareas preventivas de limpieza no solo deben centrarse en las zonas boscosas. Los propietarios de fincas y parcelas deben mantenerlas en correcto estado de conservaci\u00f3n revisando el estado de la vegetaci\u00f3n y proceder al desbroce preventivo antes de la estaci\u00f3n seca.<\/p>\n<p>&nbsp;<\/p>\n<p>&nbsp;<\/p>\n<p><strong>Dado que el estado de alarma nos ha mantenido confinados, muchas de las fincas y parcelas no han podido ser desbrozadas por sus propietarios<\/strong>. Pero con el fin del estado de alarma, urge que estas tareas sean realizadas.<\/p>\n<p>&nbsp;<\/p>\n<p><img loading=\"lazy\" decoding=\"async\" class=\"aligncenter wp-image-5231 size-full\" title=\"Las tareas preventivas de limpieza en las fincas ayuda a prevenir los incendios forestales | ASHES TO LIFE\" src=\"https:\/\/www.ashestolife.es\/wp-content\/uploads\/2020\/06\/Ashes_to_Life_Bosques_Prevencion_incendios_02.jpeg\" alt=\"La COVID-19 ha impedido los cuidados de fincas particulares, el mantenimiento de parques naturales y preparar los bosques para el verano, medidas imprescindibles para luchar contra los incendios forestales.\" width=\"770\" height=\"500\" srcset=\"https:\/\/www.ashestolife.es\/wp-content\/uploads\/2020\/06\/Ashes_to_Life_Bosques_Prevencion_incendios_02.jpeg 770w, https:\/\/www.ashestolife.es\/wp-content\/uploads\/2020\/06\/Ashes_to_Life_Bosques_Prevencion_incendios_02-250x162.jpeg 250w, https:\/\/www.ashestolife.es\/wp-content\/uploads\/2020\/06\/Ashes_to_Life_Bosques_Prevencion_incendios_02-768x499.jpeg 768w, https:\/\/www.ashestolife.es\/wp-content\/uploads\/2020\/06\/Ashes_to_Life_Bosques_Prevencion_incendios_02-370x241.jpeg 370w, https:\/\/www.ashestolife.es\/wp-content\/uploads\/2020\/06\/Ashes_to_Life_Bosques_Prevencion_incendios_02-670x435.jpeg 670w, https:\/\/www.ashestolife.es\/wp-content\/uploads\/2020\/06\/Ashes_to_Life_Bosques_Prevencion_incendios_02-600x390.jpeg 600w\" sizes=\"auto, (max-width: 770px) 100vw, 770px\" \/><\/p>\n<p>&nbsp;<\/p>\n<p>&nbsp;<\/p>\n<p>En declaraciones a <strong><a href=\"https:\/\/www.europapress.es\/galicia\/agro-00246\/noticia-xunta-descarta-mas-riesgo-incendios-retraso-desbroces-causa-ultima-mano-hombre-20200426154956.html\" target=\"_blank\" rel=\"noopener noreferrer\">Europa Press<\/a><\/strong>, la Conseller\u00eda de Medio Rural descarta que haya m\u00e1s riesgo de incendios este a\u00f1o en Galicia por el retraso en las tareas de desbroce en las franjas secundarias (50 metros perimetrales a las viviendas). Y pone foco en que \u201c<em>La causa \u00faltima de los fuegos es la mano del hombre, no la situaci\u00f3n en la que se encuentre el monte en un momento determinado<\/em>\u201d.<\/p>\n<p>&nbsp;<\/p>\n<p>&nbsp;<\/p>\n<p>Eso si, reconoce que <strong>una biomasa bien gestionada \u201c<em>ayuda a frenar la propagaci\u00f3n de los incendios<\/em>\u201d y a preparar los bosques para el verano.<\/strong> A su vez, hace hincapi\u00e9 en que se ha comprobado \u201c<em>en repetidas ocasiones que cuando se dan las circunstancias proclives para la actividad incendiaria (como viento fuerte, calor y baja humedad), esta se dispara<\/em>\u201d.<\/p>\n<p>&nbsp;<\/p>\n<p>&nbsp;<\/p>\n<p>Pero estas declaraciones no deben hacernos bajar la guardia, todo lo contrario. Resulta vital adoptar medidas para preparar los bosques para el verano, pues cualquier acci\u00f3n, por peque\u00f1a que parezca, ayuda a reducir los riesgos y consecuentemente, a minimizar los incendios forestales que pudieran producirse durante la \u00e9poca estival.<\/p>\n<p>&nbsp;<\/p>\n<p>&nbsp;<\/p>\n<p>Tal y como expon\u00edamos en el art\u00edculo \u201c<strong><a href=\"https:\/\/www.ashestolife.es\/en\/mejor-prevenir-que-apagar-incendios\/\">Mejor prevenir que apagar incendios<\/a><\/strong>\u201d, <strong>resulta fundamental desarrollar acciones durante todo el a\u00f1o en los montes y espacios colindantes para reducir o anular la probabilidad de que se inicie un fuego<\/strong>. Entre estas actuaciones, est\u00e1n las directas de prevenci\u00f3n y las dirigidas a sensibilizaci\u00f3n y concienciaci\u00f3n, que influyen en el comportamiento de las personas en el monte. Para ello, es necesario contar con la experiencia y la colaboraci\u00f3n de los propietarios y de los habitantes de las zonas rurales en los planes espec\u00edficos para preparar los bosques para el verano y combatir este tipo de incendios.<\/p>\n<p>&nbsp;<\/p>\n<p>&nbsp;<\/p>\n<p>&nbsp;<\/p>\n<div style=\"position: relative; padding-top: 50%;\"><iframe loading=\"lazy\" id=\"iframe12225\" class=\"resizelistener\" style=\"opacity: 1; visibility: inherit; display: block; position: absolute; top: 0; left: 0; width: 100%; height: 100%;\" src=\"https:\/\/www.youtube.com\/embed\/MF4aa4QAMnQ?version=3&amp;enablejsapi=1&amp;html5=1&amp;hd=1&amp;wmode=opaque&amp;showinfo=0&amp;rel=0;origin=https:\/\/www.ashestolife.es;&amp;controls=0&amp;playsinline=1\" width=\"100%\" height=\"100%\"><\/iframe><\/div>\n<p>&nbsp;<\/p>\n<p>&nbsp;<\/p>\n<p>&nbsp;<\/p>\n<p><strong>En ASHES TO LIFE creemos que todos, <\/strong>administraciones, empresas y sociedad civil<strong> debemos trabajar de forma conjunta si queremos reducir la alta siniestralidad y hacer el territorio menos inflamable y m\u00e1s resiliente al cambio clim\u00e1tico<\/strong>.<\/p>\n<p>&nbsp;<\/p>\n<p>&nbsp;<\/p>\n<p>Evidentemente los incendios forestales han ocurrido desde siempre como un elemento normal en el funcionamiento de los ecosistemas, por lo que estos trabajos conjuntos deben tener foco tanto en la prevenci\u00f3n como en la restauraci\u00f3n de los ecosistemas da\u00f1ados.<\/p>\n<p>&nbsp;<\/p>\n<p>&nbsp;<\/p>\n<p>En este sentido, nuestro <strong><a href=\"https:\/\/www.ashestolife.es\/proyecto-medioambiental\/\">proyecto de Investigaci\u00f3n Medioambiental<\/a> ASHES TO LIFE Project<\/strong> con el que queremos devolver la vida a los bosques que han sufrido incendios a partir de sus propias cenizas y que est\u00e1 alineado con los Objetivos de Desarrollo Sostenible,\u00a0<strong>se presenta como un punto de uni\u00f3n entre la sociedad y los bosques. Pero tambi\u00e9n<\/strong>, se presenta <strong>como una oportunidad para empresas y organizaciones de colaborar en una acci\u00f3n que permitir\u00e1 afrontar uno de los principales desaf\u00edos a los que nos enfrentamos: la desaparici\u00f3n de los bosques del planeta.<\/strong><\/p>\n<p>&nbsp;<\/p>\n<p>&nbsp;<\/p>\n<p>Fomentar el desarrollo de este tipo de proyectos que mejoran los entornos sociales y ambientales contribuye a construir una sociedad m\u00e1s equitativa y unos entornos naturales m\u00e1s sanos. A su vez, recuperar los ecosistemas forestales da\u00f1ados por los incendios es una soluci\u00f3n a largo plazo para mitigar las consecuencias del innegable cambio clim\u00e1tico. \u00bf<strong>Nos ayudas a devolver la vida a los bosques a partir de sus propias cenizas a trav\u00e9s del desarrollo de nuestro proyecto de Investigaci\u00f3n Medioambiental ASHES TO LIFE Project.<\/strong><\/p>\n<p>&nbsp;<\/p>\n<p><strong>ASHES TO LIFE #CuidaTuPielYlaDelPlaneta<\/strong><\/p>\n","protected":false},"excerpt":{"rendered":"<p>Durante las \u00faltimas fechas se ha hablado mucho de las consecuencias sociales y econ\u00f3micas que est\u00e1 causando la crisis sanitaria provocada por el Covid-19. Pero [&hellip;]<\/p>\n","protected":false},"author":5,"featured_media":5229,"comment_status":"open","ping_status":"open","sticky":false,"template":"","format":"standard","meta":{"footnotes":""},"categories":[121],"tags":[],"class_list":["post-5228","post","type-post","status-publish","format-standard","has-post-thumbnail","hentry","category-incendios-forestales"],"yoast_head":"<!-- This site is optimized with the Yoast SEO Premium plugin v20.12 (Yoast SEO v27.3) - https:\/\/yoast.com\/product\/yoast-seo-premium-wordpress\/ -->\n<title>Preparar los bosques para el verano tras la pandemia | ASHES TO LIFE<\/title>\n<meta name=\"description\" content=\"El covid-19 ha impedido los cuidados de fincas particulares y preparar los bosques para el verano, medidas imprescindibles para evitar incendios forestales.\" \/>\n<meta name=\"robots\" content=\"index, follow, max-snippet:-1, max-image-preview:large, max-video-preview:-1\" \/>\n<link rel=\"canonical\" href=\"https:\/\/www.ashestolife.es\/en\/preparar-los-bosques-para-el-verano-tras-la-pandemia\/\" \/>\n<meta property=\"og:locale\" content=\"en_US\" \/>\n<meta property=\"og:type\" content=\"article\" \/>\n<meta property=\"og:title\" content=\"PREPARAR LOS BOSQUES PARA EL VERANO TRAS LA PANDEMIA\" \/>\n<meta property=\"og:description\" content=\"El covid-19 ha impedido los cuidados de fincas particulares y preparar los bosques para el verano, medidas imprescindibles para evitar incendios forestales.\" \/>\n<meta property=\"og:url\" content=\"https:\/\/www.ashestolife.es\/en\/preparar-los-bosques-para-el-verano-tras-la-pandemia\/\" \/>\n<meta property=\"og:site_name\" content=\"ASHES TO LIFE\" \/>\n<meta property=\"article:publisher\" content=\"https:\/\/www.facebook.com\/ASHESTOLIFEproject\/\" \/>\n<meta property=\"article:published_time\" content=\"2020-06-23T17:09:26+00:00\" \/>\n<meta property=\"article:modified_time\" content=\"2026-03-30T22:14:09+00:00\" \/>\n<meta property=\"og:image\" content=\"https:\/\/www.ashestolife.es\/wp-content\/uploads\/2020\/06\/Ashes_to_Life_Bosques_Prevencion_incendios_01.jpeg\" \/>\n\t<meta property=\"og:image:width\" content=\"770\" \/>\n\t<meta property=\"og:image:height\" content=\"500\" \/>\n\t<meta property=\"og:image:type\" content=\"image\/jpeg\" \/>\n<meta name=\"author\" content=\"ASHES TO LIFE\" \/>\n<meta name=\"twitter:card\" content=\"summary_large_image\" \/>\n<meta name=\"twitter:creator\" content=\"@ASHES_TO_LIFE\" \/>\n<meta name=\"twitter:site\" content=\"@ASHES_TO_LIFE\" \/>\n<meta name=\"twitter:label1\" content=\"Written by\" \/>\n\t<meta name=\"twitter:data1\" content=\"ASHES TO LIFE\" \/>\n\t<meta name=\"twitter:label2\" content=\"Est. reading time\" \/>\n\t<meta name=\"twitter:data2\" content=\"4 minutes\" \/>\n<!-- \/ Yoast SEO Premium plugin. -->","yoast_head_json":{"title":"Preparar los bosques para el verano tras la pandemia | ASHES TO LIFE","description":"El covid-19 ha impedido los cuidados de fincas particulares y preparar los bosques para el verano, medidas imprescindibles para evitar incendios forestales.","robots":{"index":"index","follow":"follow","max-snippet":"max-snippet:-1","max-image-preview":"max-image-preview:large","max-video-preview":"max-video-preview:-1"},"canonical":"https:\/\/www.ashestolife.es\/en\/preparar-los-bosques-para-el-verano-tras-la-pandemia\/","og_locale":"en_US","og_type":"article","og_title":"PREPARAR LOS BOSQUES PARA EL VERANO TRAS LA PANDEMIA","og_description":"El covid-19 ha impedido los cuidados de fincas particulares y preparar los bosques para el verano, medidas imprescindibles para evitar incendios forestales.","og_url":"https:\/\/www.ashestolife.es\/en\/preparar-los-bosques-para-el-verano-tras-la-pandemia\/","og_site_name":"ASHES TO LIFE","article_publisher":"https:\/\/www.facebook.com\/ASHESTOLIFEproject\/","article_published_time":"2020-06-23T17:09:26+00:00","article_modified_time":"2026-03-30T22:14:09+00:00","og_image":[{"width":770,"height":500,"url":"https:\/\/www.ashestolife.es\/wp-content\/uploads\/2020\/06\/Ashes_to_Life_Bosques_Prevencion_incendios_01.jpeg","type":"image\/jpeg"}],"author":"ASHES TO LIFE","twitter_card":"summary_large_image","twitter_creator":"@ASHES_TO_LIFE","twitter_site":"@ASHES_TO_LIFE","twitter_misc":{"Written by":"ASHES TO LIFE","Est. reading time":"4 minutes"},"schema":{"@context":"https:\/\/schema.org","@graph":[{"@type":"Article","@id":"https:\/\/www.ashestolife.es\/en\/preparar-los-bosques-para-el-verano-tras-la-pandemia\/#article","isPartOf":{"@id":"https:\/\/www.ashestolife.es\/en\/preparar-los-bosques-para-el-verano-tras-la-pandemia\/"},"author":{"name":"ASHES TO LIFE","@id":"https:\/\/www.ashestolife.es\/en\/#\/schema\/person\/ebba6d0311ff49795eaa6885895ece5b"},"headline":"PREPARAR LOS BOSQUES PARA EL VERANO TRAS LA PANDEMIA","datePublished":"2020-06-23T17:09:26+00:00","dateModified":"2026-03-30T22:14:09+00:00","mainEntityOfPage":{"@id":"https:\/\/www.ashestolife.es\/en\/preparar-los-bosques-para-el-verano-tras-la-pandemia\/"},"wordCount":869,"commentCount":0,"publisher":{"@id":"https:\/\/www.ashestolife.es\/en\/#organization"},"image":{"@id":"https:\/\/www.ashestolife.es\/en\/preparar-los-bosques-para-el-verano-tras-la-pandemia\/#primaryimage"},"thumbnailUrl":"https:\/\/www.ashestolife.es\/wp-content\/uploads\/2020\/06\/Ashes_to_Life_Bosques_Prevencion_incendios_01.jpeg","articleSection":["INCENDIOS FORESTALES"],"inLanguage":"en-US","potentialAction":[{"@type":"CommentAction","name":"Comment","target":["https:\/\/www.ashestolife.es\/en\/preparar-los-bosques-para-el-verano-tras-la-pandemia\/#respond"]}]},{"@type":"WebPage","@id":"https:\/\/www.ashestolife.es\/en\/preparar-los-bosques-para-el-verano-tras-la-pandemia\/","url":"https:\/\/www.ashestolife.es\/en\/preparar-los-bosques-para-el-verano-tras-la-pandemia\/","name":"Preparar los bosques para el verano tras la pandemia | ASHES TO LIFE","isPartOf":{"@id":"https:\/\/www.ashestolife.es\/en\/#website"},"primaryImageOfPage":{"@id":"https:\/\/www.ashestolife.es\/en\/preparar-los-bosques-para-el-verano-tras-la-pandemia\/#primaryimage"},"image":{"@id":"https:\/\/www.ashestolife.es\/en\/preparar-los-bosques-para-el-verano-tras-la-pandemia\/#primaryimage"},"thumbnailUrl":"https:\/\/www.ashestolife.es\/wp-content\/uploads\/2020\/06\/Ashes_to_Life_Bosques_Prevencion_incendios_01.jpeg","datePublished":"2020-06-23T17:09:26+00:00","dateModified":"2026-03-30T22:14:09+00:00","description":"El covid-19 ha impedido los cuidados de fincas particulares y preparar los bosques para el verano, medidas imprescindibles para evitar incendios forestales.","breadcrumb":{"@id":"https:\/\/www.ashestolife.es\/en\/preparar-los-bosques-para-el-verano-tras-la-pandemia\/#breadcrumb"},"inLanguage":"en-US","potentialAction":[{"@type":"ReadAction","target":["https:\/\/www.ashestolife.es\/en\/preparar-los-bosques-para-el-verano-tras-la-pandemia\/"]}]},{"@type":"ImageObject","inLanguage":"en-US","@id":"https:\/\/www.ashestolife.es\/en\/preparar-los-bosques-para-el-verano-tras-la-pandemia\/#primaryimage","url":"https:\/\/www.ashestolife.es\/wp-content\/uploads\/2020\/06\/Ashes_to_Life_Bosques_Prevencion_incendios_01.jpeg","contentUrl":"https:\/\/www.ashestolife.es\/wp-content\/uploads\/2020\/06\/Ashes_to_Life_Bosques_Prevencion_incendios_01.jpeg","width":770,"height":500,"caption":"Ashes_to_Life_Bosques_Prevencion_incendios"},{"@type":"BreadcrumbList","@id":"https:\/\/www.ashestolife.es\/en\/preparar-los-bosques-para-el-verano-tras-la-pandemia\/#breadcrumb","itemListElement":[{"@type":"ListItem","position":1,"name":"Environmental project","item":"https:\/\/www.ashestolife.es\/en\/"},{"@type":"ListItem","position":2,"name":"PREPARAR LOS BOSQUES PARA EL VERANO TRAS LA PANDEMIA"}]},{"@type":"WebSite","@id":"https:\/\/www.ashestolife.es\/en\/#website","url":"https:\/\/www.ashestolife.es\/en\/","name":"ASHES TO LIFE","description":"Cosm\u00e9tica Ecol\u00f3gica","publisher":{"@id":"https:\/\/www.ashestolife.es\/en\/#organization"},"potentialAction":[{"@type":"SearchAction","target":{"@type":"EntryPoint","urlTemplate":"https:\/\/www.ashestolife.es\/en\/?s={search_term_string}"},"query-input":{"@type":"PropertyValueSpecification","valueRequired":true,"valueName":"search_term_string"}}],"inLanguage":"en-US"},{"@type":"Organization","@id":"https:\/\/www.ashestolife.es\/en\/#organization","name":"ASHES TO LIFE","url":"https:\/\/www.ashestolife.es\/en\/","logo":{"@type":"ImageObject","inLanguage":"en-US","@id":"https:\/\/www.ashestolife.es\/en\/#\/schema\/logo\/image\/","url":"https:\/\/www.ashestolife.es\/wp-content\/uploads\/2018\/06\/Logo-2.jpg","contentUrl":"https:\/\/www.ashestolife.es\/wp-content\/uploads\/2018\/06\/Logo-2.jpg","width":1382,"height":1412,"caption":"ASHES TO LIFE"},"image":{"@id":"https:\/\/www.ashestolife.es\/en\/#\/schema\/logo\/image\/"},"sameAs":["https:\/\/www.facebook.com\/ASHESTOLIFEproject\/","https:\/\/x.com\/ASHES_TO_LIFE","https:\/\/www.instagram.com\/ashes_to_life_\/","https:\/\/www.linkedin.com\/company\/ashestolife","https:\/\/www.pinterest.es\/ashestolife\/","https:\/\/www.youtube.com\/channel\/UCme6IF0nbv0B6oAl9fagmRA"]},{"@type":"Person","@id":"https:\/\/www.ashestolife.es\/en\/#\/schema\/person\/ebba6d0311ff49795eaa6885895ece5b","name":"ASHES TO LIFE","image":{"@type":"ImageObject","inLanguage":"en-US","@id":"https:\/\/secure.gravatar.com\/avatar\/8033ad593ba6ae776e31c1adf7ba8b52c6d55fa7a2dbc115e9e2d89c5ac7d73f?s=96&d=mm&r=g","url":"https:\/\/secure.gravatar.com\/avatar\/8033ad593ba6ae776e31c1adf7ba8b52c6d55fa7a2dbc115e9e2d89c5ac7d73f?s=96&d=mm&r=g","contentUrl":"https:\/\/secure.gravatar.com\/avatar\/8033ad593ba6ae776e31c1adf7ba8b52c6d55fa7a2dbc115e9e2d89c5ac7d73f?s=96&d=mm&r=g","caption":"ASHES TO LIFE"},"description":"Queremos devolver a la vida los bosques incendiados transformando parte de sus cenizas en productos ecol\u00f3gicos. #CUIDATUPIELYLADELPLANETA","sameAs":["http:\/\/www.ashestolife.es"],"url":"https:\/\/www.ashestolife.es\/en\/author\/ashestolife\/"}]}},"_links":{"self":[{"href":"https:\/\/www.ashestolife.es\/en\/wp-json\/wp\/v2\/posts\/5228","targetHints":{"allow":["GET"]}}],"collection":[{"href":"https:\/\/www.ashestolife.es\/en\/wp-json\/wp\/v2\/posts"}],"about":[{"href":"https:\/\/www.ashestolife.es\/en\/wp-json\/wp\/v2\/types\/post"}],"author":[{"embeddable":true,"href":"https:\/\/www.ashestolife.es\/en\/wp-json\/wp\/v2\/users\/5"}],"replies":[{"embeddable":true,"href":"https:\/\/www.ashestolife.es\/en\/wp-json\/wp\/v2\/comments?post=5228"}],"version-history":[{"count":10,"href":"https:\/\/www.ashestolife.es\/en\/wp-json\/wp\/v2\/posts\/5228\/revisions"}],"predecessor-version":[{"id":12510,"href":"https:\/\/www.ashestolife.es\/en\/wp-json\/wp\/v2\/posts\/5228\/revisions\/12510"}],"wp:featuredmedia":[{"embeddable":true,"href":"https:\/\/www.ashestolife.es\/en\/wp-json\/wp\/v2\/media\/5229"}],"wp:attachment":[{"href":"https:\/\/www.ashestolife.es\/en\/wp-json\/wp\/v2\/media?parent=5228"}],"wp:term":[{"taxonomy":"category","embeddable":true,"href":"https:\/\/www.ashestolife.es\/en\/wp-json\/wp\/v2\/categories?post=5228"},{"taxonomy":"post_tag","embeddable":true,"href":"https:\/\/www.ashestolife.es\/en\/wp-json\/wp\/v2\/tags?post=5228"}],"curies":[{"name":"wp","href":"https:\/\/api.w.org\/{rel}","templated":true}]}}