{"id":8146,"date":"2022-09-04T11:33:21","date_gmt":"2022-09-04T09:33:21","guid":{"rendered":"https:\/\/www.ashestolife.es\/?p=8146"},"modified":"2026-03-31T00:12:13","modified_gmt":"2026-03-30T22:12:13","slug":"cuidar-la-piel-del-rostro-en-otono-con-cosmetica-ecologica","status":"publish","type":"post","link":"https:\/\/www.ashestolife.es\/en\/cuidar-la-piel-del-rostro-en-otono-con-cosmetica-ecologica\/","title":{"rendered":"CUIDAR LA PIEL DEL ROSTRO EN OTO\u00d1O CON COSM\u00c9TICA ECOL\u00d3GICA"},"content":{"rendered":"<p><strong>El oto\u00f1o<\/strong>, la estaci\u00f3n de transici\u00f3n entre el verano y el invierno, <strong>es un periodo complicado debido a los continuos cambios que se producen en el tiempo y que afectan a la piel<\/strong>. Pero tambi\u00e9n, es una estaci\u00f3n ideal para ayudar a cuidarla y a recuperarse de los estragos y excesos producidos en la \u00e9poca estival, permiti\u00e9ndola as\u00ed prepararla para el invierno. <strong>Limpieza, exfoliaci\u00f3n, hidrataci\u00f3n y nutrici\u00f3n mediante la utilizaci\u00f3n de productos cosm\u00e9ticos ecol\u00f3gicos, puede ayudarnos a cuidar la piel del rostro en oto\u00f1o para que \u00e9sta est\u00e9 en perfectas condiciones<\/strong> y enfrentarse as\u00ed al fr\u00edo y al aire seco de la temporada invernal.<\/p>\n<p>&nbsp;<\/p>\n<p>&nbsp;<\/p>\n<p>Tras el verano, es hora de retomar los mimos para cuidar la piel y prepararla para la llegada del oto\u00f1o. <strong>La sal del mar, el cloro de las piscinas y la constante exposici\u00f3n a los rayos UV a la que hemos sometido a la piel durante la \u00e9poca estival, causan estragos en la dermis<\/strong>, por lo que es necesario <a href=\"https:\/\/www.ashestolife.es\/en\/sanar-la-piel-tras-el-verano\/\"><strong>sanar la piel tras el verano<\/strong><\/a> y establecer una rutina de belleza adaptada a las condiciones propias de esta estaci\u00f3n para la correcta salud de la piel.<\/p>\n<p>&nbsp;<\/p>\n<p>&nbsp;<\/p>\n<p>En este sentido, <strong>la cosm\u00e9tica ecol\u00f3gica resulta un aliado perfecto para cuidar la piel del rostro en oto\u00f1o<\/strong>. Su utilizaci\u00f3n,<strong> facilita la restauraci\u00f3n del manto hidrol\u00edp\u00eddico de la piel, mejorando as\u00ed sus defensas y favoreciendo su hidrataci\u00f3n, nutrici\u00f3n, vitalidad y luminosidad<\/strong>.<\/p>\n<p>&nbsp;<\/p>\n<p>&nbsp;<\/p>\n<figure id=\"attachment_8147\" aria-describedby=\"caption-attachment-8147\" style=\"width: 770px\" class=\"wp-caption alignnone\"><a href=\"https:\/\/www.ashestolife.es\/en\/sanar-la-piel-tras-el-verano\/\"><img loading=\"lazy\" decoding=\"async\" class=\"wp-image-8147 size-full\" title=\"Tips de belleza que te permitir\u00e1n sanar la piel tras el verano para que esta luzca sana, revitalizada y luminoosa. | ASHES TO LIFE\" src=\"https:\/\/www.ashestolife.es\/wp-content\/uploads\/2022\/09\/CUIDADAR_LA_PIEL_EN-OTONO_02.jpeg\" alt=\"Tras el verano, la piel vuelve m\u00e1s deshidratada y en ocasiones, hasta con manchas. La Cosm\u00e9tica Ecol\u00f3gica es el aliado perfecto para cuidar la piel del rostro en oto\u00f1o.\" width=\"770\" height=\"500\" srcset=\"https:\/\/www.ashestolife.es\/wp-content\/uploads\/2022\/09\/CUIDADAR_LA_PIEL_EN-OTONO_02.jpeg 770w, https:\/\/www.ashestolife.es\/wp-content\/uploads\/2022\/09\/CUIDADAR_LA_PIEL_EN-OTONO_02-250x162.jpeg 250w, https:\/\/www.ashestolife.es\/wp-content\/uploads\/2022\/09\/CUIDADAR_LA_PIEL_EN-OTONO_02-768x499.jpeg 768w, https:\/\/www.ashestolife.es\/wp-content\/uploads\/2022\/09\/CUIDADAR_LA_PIEL_EN-OTONO_02-370x241.jpeg 370w, https:\/\/www.ashestolife.es\/wp-content\/uploads\/2022\/09\/CUIDADAR_LA_PIEL_EN-OTONO_02-670x435.jpeg 670w, https:\/\/www.ashestolife.es\/wp-content\/uploads\/2022\/09\/CUIDADAR_LA_PIEL_EN-OTONO_02-600x390.jpeg 600w\" sizes=\"auto, (max-width: 770px) 100vw, 770px\" \/><\/a><figcaption id=\"caption-attachment-8147\" class=\"wp-caption-text\">Descubre los Tips que te ayudar\u00e1n a sanar la piel tras el verano | ASHES TO LIFE<\/figcaption><\/figure>\n<p>&nbsp;<\/p>\n<p>&nbsp;<\/p>\n<h2>EL CLIMA. C\u00d3MO AFECTA EL OTO\u00d1O A LA PIEL<\/h2>\n<p>&nbsp;<\/p>\n<p>&nbsp;<\/p>\n<p>Tal y como expon\u00edamos en el art\u00edculo \u201c<a href=\"https:\/\/www.ashestolife.es\/en\/cambios-en-la-piel-segun-las-estaciones\/\"><strong>Cambios en la piel seg\u00fan las estaciones<\/strong><\/a>\u201d, <strong>la piel<\/strong>, el \u00f3rgano m\u00e1s extenso de nuestro cuerpo, <strong>sufre ligeras modificaciones para adaptarse a las condiciones climatol\u00f3gicas propias de cada estaci\u00f3n<\/strong>.<\/p>\n<p>&nbsp;<\/p>\n<p>&nbsp;<\/p>\n<p>En oto\u00f1o, la piel se encuentra especialmente deshidratada debido a las altas temperaturas y las largas exposiciones al sol a la que se ha visto sometida tras la \u00e9poca estival. Pero \u00e9ste, no es el \u00fanico de los problemas a los que se enfrenta la piel.<\/p>\n<p>&nbsp;<\/p>\n<p>&nbsp;<\/p>\n<p>El clima propio de esta estaci\u00f3n (el aire es m\u00e1s fr\u00edo y seco) hace que la piel retenga menos humedad, lo que provoca cambios en el aspecto de la misma que son especialmente visibles en el rostro. Conocidos como \u201c<strong>s\u00edntomas de la piel oto\u00f1al<\/strong>\u201d, estos cambios f\u00edsicos se traducen en:<\/p>\n<p>&nbsp;<\/p>\n<ul>\n<li><strong>Deshidrataci\u00f3n<\/strong>: Se produce cuando la piel pierde demasiada agua. Los factores externos (como cambios dr\u00e1sticos de temperatura, el viento, el fr\u00edo, el sol y la contaminaci\u00f3n entre otros), hacen que el agua se evapore r\u00e1pidamente de la piel, provocando una aceleraci\u00f3n del envejecimiento de la misma. Mantener una correcta hidrataci\u00f3n de la piel, ayuda a conservar su salud, vitalidad y luminosidad.<\/li>\n<li><strong>Un tono de piel m\u00e1s p\u00e1lido y amarillento<\/strong>: En oto\u00f1o, tendemos a pasar m\u00e1s tiempo en interiores. Esta reducci\u00f3n a la exposici\u00f3n solar hace que la piel pierda parte del color dorado que ha adquirido durante la \u00e9poca estival.<\/li>\n<li><strong>Aparici\u00f3n de manchas en la piel<\/strong>: La larga exposici\u00f3n al sol a la que se somete a la piel durante el verano sumada a la p\u00e9rdida de tono, hacen que las nuevas manchas solares y las ya existentes, se intensifiquen y se hagan visibles durante el oto\u00f1o. Pero estos da\u00f1os, se prolongan en el tiempo, pues los rayos UV dejan huella gen\u00e9tica en las c\u00e9lulas de la dermis. Proteger la piel de la radiaci\u00f3n solar es la mejor forma de prevenir la aparici\u00f3n de manchas cut\u00e1neas y el envejecimiento prematuro.<\/li>\n<li><strong>Piel cansada y apagada<\/strong>: La falta de descanso, los da\u00f1os propios del verano, una mala dieta o alimentaci\u00f3n y la contaminaci\u00f3n, provocan que la piel se muestre m\u00e1s cansada, apagada, opaca y sin vitalidad. Su origen est\u00e1 en la falta de sue\u00f1o de calidad. Para mitigar el efecto de estos factores y recuperar el brillo natural de la piel conviene, adem\u00e1s de regular los h\u00e1bitos de sue\u00f1o y alimenticios, reforzar los cuidados de la piel.<\/li>\n<\/ul>\n<p>&nbsp;<\/p>\n<p>&nbsp;<\/p>\n<p>Estos cambios f\u00edsicos &#8211; que se hacen m\u00e1s evidentes con el paso del tiempo -, no hacen mas que reflejar la importancia que tiene <strong>cuidar la piel del rostro en oto\u00f1o<\/strong> con una rutina de belleza espec\u00edfica y adaptada a estas necesidades tan concretas. En este sentido, <strong>realizar un tratamiento de belleza adecuado con productos cosm\u00e9ticos ecol\u00f3gicos, puede ayudarte a tener la piel del rostro hidratada, humectada y reluciente<\/strong>. \u00a1Desc\u00fabrelo!<\/p>\n<p>&nbsp;<\/p>\n<p>&nbsp;<\/p>\n<figure id=\"attachment_8151\" aria-describedby=\"caption-attachment-8151\" style=\"width: 770px\" class=\"wp-caption alignnone\"><a href=\"https:\/\/www.ashestolife.es\/#products-block\"><img loading=\"lazy\" decoding=\"async\" class=\"wp-image-8151 size-full\" title=\"Productos de Alta Cosm\u00e9tica Ecol\u00f3gica para limpiar, hidratar, nutrir, detoxificar e iluminar la piel. | ASHES TO LIFE\" src=\"https:\/\/www.ashestolife.es\/wp-content\/uploads\/2022\/09\/CUIDADAR_LA_PIEL_EN-OTONO_04.jpeg\" alt=\"La utilizaci\u00f3n de cosm\u00e9ticos ecol\u00f3gicos para cuidar la piel del rostro en oto\u00f1o facilita la restauraci\u00f3n del manto hidrol\u00edp\u00eddico de la piel, mejorando as\u00ed sus defensas y favoreciendo su hidrataci\u00f3n, nutrici\u00f3n, vitalidad y luminosidad.\" width=\"770\" height=\"500\" srcset=\"https:\/\/www.ashestolife.es\/wp-content\/uploads\/2022\/09\/CUIDADAR_LA_PIEL_EN-OTONO_04.jpeg 770w, https:\/\/www.ashestolife.es\/wp-content\/uploads\/2022\/09\/CUIDADAR_LA_PIEL_EN-OTONO_04-250x162.jpeg 250w, https:\/\/www.ashestolife.es\/wp-content\/uploads\/2022\/09\/CUIDADAR_LA_PIEL_EN-OTONO_04-768x499.jpeg 768w, https:\/\/www.ashestolife.es\/wp-content\/uploads\/2022\/09\/CUIDADAR_LA_PIEL_EN-OTONO_04-370x241.jpeg 370w, https:\/\/www.ashestolife.es\/wp-content\/uploads\/2022\/09\/CUIDADAR_LA_PIEL_EN-OTONO_04-670x435.jpeg 670w, https:\/\/www.ashestolife.es\/wp-content\/uploads\/2022\/09\/CUIDADAR_LA_PIEL_EN-OTONO_04-600x390.jpeg 600w\" sizes=\"auto, (max-width: 770px) 100vw, 770px\" \/><\/a><figcaption id=\"caption-attachment-8151\" class=\"wp-caption-text\">La cosm\u00e9tica ecol\u00f3gica es el aliado perfecto para cuidar la piel del rostro en oto\u00f1o | ASHES TO LIFE<\/figcaption><\/figure>\n<p>&nbsp;<\/p>\n<p>&nbsp;<\/p>\n<h2>COSM\u00c9TICA ECOL\u00d3GICA: EL ALIADO PERFECTO PARA MIMAR Y PROTEGER LA PIEL DEL ROSTRO EN OTO\u00d1O<\/h2>\n<p>&nbsp;<\/p>\n<p>&nbsp;<\/p>\n<p>Antes de mostrarte la rutina de belleza perfecta que te permitir\u00e1 <strong>cuidar la piel del rostro en oto\u00f1o<\/strong>, desde Ashes To Life queremos recordarte que cualquier momento es bueno para realizar una revisi\u00f3n de la salud de tu piel por parte de un dermat\u00f3logo a fin de detectar posibles cambios o aparici\u00f3n de nuevos lunares y\/o manchas. Pero si cabe, despu\u00e9s del verano esta visita al especialista cobra mayor importancia.<\/p>\n<p>&nbsp;<\/p>\n<p>&nbsp;<\/p>\n<p>Distintos estudios demuestran que la bajada de las temperaturas en oto\u00f1o y la llegada del fr\u00edo hacen que la <a href=\"https:\/\/www.ucm.es\/data\/cont\/docs\/420-2014-02-07-20-Tumores-piel-texto.pdf\" target=\"_blank\" rel=\"noopener\">vascularizaci\u00f3n de la piel<\/a>\u00a0se resienta. Esto se debe a que los vasos sangu\u00edneos se estrechan, provocando que la circulaci\u00f3n de la sangre sea m\u00e1s lenta y, consecuentemente, las c\u00e9lulas cut\u00e1neas reciben menos ox\u00edgeno y nutrientes, de ah\u00ed que la piel refleje un aspecto m\u00e1s cansado y desvitalizado.<\/p>\n<p>&nbsp;<\/p>\n<p>&nbsp;<\/p>\n<p>As\u00ed mismo, las bajas temperaturas influyen directamente en las gl\u00e1ndulas seb\u00e1ceas haciendo que \u00e9stas produzcan menos sebo y provocando que el cutis quede m\u00e1s expuesto a las agresiones externas. Estos cambios propios de la piel sumados a los distintos agentes externos, hacen que sea necesario <strong>cuidar la piel del rostro en oto\u00f1o<\/strong>. A continuaci\u00f3n, te mostramos una <strong>rutina de belleza mediante la utilizaci\u00f3n de productos cosm\u00e9ticos ecol\u00f3gicos que te permitir\u00e1 lucir un cutis, joven, el\u00e1stico y de aspecto renovado<\/strong>.<\/p>\n<p>&nbsp;<\/p>\n<h3>LIMPIEZA<\/h3>\n<p>&nbsp;<\/p>\n<p>El primer paso de toda rutina de belleza es la limpieza facial. En este cambio de estaci\u00f3n lo ideal es <strong>utilizar limpiadores suaves que, adem\u00e1s<\/strong> de realizar la funci\u00f3n espec\u00edfica para la que han sido creados, <strong>aporten hidrataci\u00f3n<\/strong>.<\/p>\n<p>&nbsp;<\/p>\n<p>Y es que tras el verano, la piel tiende a estar m\u00e1s seca por la menor humedad y la temperatura. Por ello, es recomendable buscar un producto que permita limpiar e hidratar la piel, como el <a href=\"https:\/\/www.ashestolife.es\/producto\/jabon-ceniza-hidratante\/\"><strong>Jab\u00f3n de Ceniza<\/strong> <strong>Ecol\u00f3gico\u00a0<\/strong><strong>Hidratante<\/strong><\/a> de Ashes To Life, un cosm\u00e9tico ecol\u00f3gico s\u00f3lido cuya exclusiva formulaci\u00f3n, le confiere propiedades suavizantes, elastizantes, antioxidantes, emolientes y regeneradoras.<\/p>\n<p>&nbsp;<\/p>\n<h3>EXFOLIACI\u00d3N<\/h3>\n<p>&nbsp;<\/p>\n<p>Los agentes externos como el clima y la contaminaci\u00f3n producen la acumulaci\u00f3n de c\u00e9lulas muertas en la piel. Para ayudar a mantener la piel sana y cuidada, resulta necesaria realizar una rutina de exfoliaci\u00f3n (tanto facial como corporal) al menos una vez por semana con un exfoliante suave que no irrite la piel.<\/p>\n<p>&nbsp;<\/p>\n<p>Preferiblemente, el exfoliante elegido debe contener ingredientes nutritivos como el Aceite de Oliva Virgen Ecol\u00f3gico o ser rico en Vitamina D, como el <a href=\"https:\/\/www.ashestolife.es\/producto\/jabon-ceniza-exfoliante\/\"><strong>Jab\u00f3n de Ceniza Ecol\u00f3gico Exfoliante<\/strong><\/a> de Ashes To Life. Un cosm\u00e9tico ecol\u00f3gico s\u00f3lido de textura cremosa. Elaborado con aceites vegetales de oliva y coco, contiene un alto porcentaje de vitaminas y antioxidantes que ayuda a eliminar las c\u00e9lulas muertas de la piel y facilita la regeneraci\u00f3n de la misma.<\/p>\n<p>&nbsp;<\/p>\n<p>Lo ideal es realizar la exfoliaci\u00f3n facial por la noche, pues la piel se queda muy expuesta a los factores externos y lo m\u00e1s conveniente tras realizar este proceso es hidratarla y dejarla descansar toda la noche.<\/p>\n<p>&nbsp;<\/p>\n<h3>HIDRATACI\u00d3N<\/h3>\n<p>&nbsp;<\/p>\n<p>Con la llegada del fr\u00edo, la dermis se deshidrata con mayor facilidad, por lo que los productos hidratantes juegan un papel fundamental. En esta estaci\u00f3n, el cutis necesita una hidrataci\u00f3n diferente a la del verano, pues la piel del rostro tiene a estar m\u00e1s seca por la menor humedad y la temperatura propia del oto\u00f1o.<\/p>\n<p>&nbsp;<\/p>\n<p>Para su perfecto cuidado, resulta recomendable utilizar productos que, adem\u00e1s de aportar la hidrataci\u00f3n necesaria, ayuden a restaurar, revitalizar e iluminar la piel. En este sentido, la <a href=\"https:\/\/www.ashestolife.es\/producto\/crema-iluminadora-reparadora\/\"><strong>Crema Iluminadora y Reparadora<\/strong><\/a> y el <a href=\"https:\/\/www.ashestolife.es\/producto\/serum-iluminador-revitalizante\/\"><strong>Serum Iluminador Revitalizante<\/strong><\/a> de la Linea de \u00c1lta Cosm\u00e9tica Ecol\u00f3gica RADIANCE, pueden ayudarte a hidratar y revitalizar tu piel tras los meses calurosos y prepararla para el verano.<\/p>\n<p>&nbsp;<\/p>\n<p>Presta atenci\u00f3n a las zonas m\u00e1s delicadas del rostro, especialmente a la zona del contorno de ojos que es la que m\u00e1s sufre el envejecimiento cut\u00e1neo. El <a href=\"https:\/\/www.ashestolife.es\/producto\/contorno-ojos-multiaccion\/\"><strong>Contorno de Ojos Ecol\u00f3gico Multiacci\u00f3n<\/strong><\/a> de la L\u00ednea RADIANCE te ayudar\u00e1 a recuperar la belleza de esta zona tan delicada y a iluminar tu mirada gracias a los beneficios de los distintos activos que contiene en su formulaci\u00f3n, entre los que se encuentran el \u00c1cido Hialur\u00f3nico, el Aloe Vera Ecol\u00f3gico y Aceite de Higo Chumbo.<\/p>\n<p>&nbsp;<\/p>\n<h3>PROTECCI\u00d3N<\/h3>\n<p>&nbsp;<\/p>\n<p>Protege tu piel de todo tipo de radiaciones y sus efectos nocivos durante todo el a\u00f1o. Pero tambi\u00e9n, prot\u00e9gela de la poluci\u00f3n y la contaminaci\u00f3n, pues es uno de los factores externos que m\u00e1s afecta a la piel, sobre todo si vives en ciudad. La <strong><a href=\"https:\/\/www.ashestolife.es\/producto\/mascarilla-facial-detox-reparadora\/\">Mascarilla Facial Detoxificante y Purificadora<\/a><\/strong> de la L\u00ednea RADIANCE te ayudar\u00e1 a proteger tu piel de los agentes oxidantes y a revitalizarla gracias a los activos regeneradores y reparadores con los que ha sido formulada, favoreciendo que \u00e9sta quede limpia, fresca y confortable.<\/p>\n<p>&nbsp;<\/p>\n<p>&nbsp;<\/p>\n<p>Cabe destacar que los cosm\u00e9ticos ecol\u00f3gicos anteriormente citados de la Linea de \u00c1lta Cosm\u00e9tica Ecol\u00f3gica RADIANCE han sido formulados con <a href=\"https:\/\/www.ashestolife.es\/en\/celulas-madre-de-granada-un-super-activo-cosmetico-que-aporta-luminosidad-a-la-piel\/\"><strong>C\u00e9lulas Madre de Granada<\/strong><\/a>, un s\u00faper activo cosm\u00e9tico capaz de actuar espec\u00edficamente sobre las manchas oscuras e igualar el tono de la piel aportando mayor luminosidad, con lo que resulta una l\u00ednea ideal para <strong>cuidar la piel del rostro en oto\u00f1o <\/strong>y combatir uno de los principales problemas a los que nos enfrentamos durante esta estaci\u00f3n, las manchas en la piel.<\/p>\n<p>&nbsp;<\/p>\n<p>&nbsp;<\/p>\n<p>No queremos finalizar este art\u00edculo sin recordarte que, adem\u00e1s de mimar y cuidar la piel con los productos adecuados siguiendo el tratamiento facial adaptado a la nueva estaci\u00f3n, debes completar tu cuidado con unos h\u00e1bitos de vida saludables. Siguiendo estos tips, conseguir\u00e1s <strong>cuidar la piel del rostro en oto\u00f1o <\/strong>haciendo que \u00e9sta luzca <strong>hidratada, humectada, reluciente y renovada. <\/strong>\u00bfTe unes a la Cosm\u00e9tica Ecol\u00f3gica de Ashes To Life?.<\/p>\n<p>&nbsp;<\/p>\n<p>ASHES TO LIFE #CuidaTuPielYlaDelPlaneta<\/p>\n","protected":false},"excerpt":{"rendered":"<p>El oto\u00f1o, la estaci\u00f3n de transici\u00f3n entre el verano y el invierno, es un periodo complicado debido a los continuos cambios que se producen en [&hellip;]<\/p>\n","protected":false},"author":5,"featured_media":8149,"comment_status":"open","ping_status":"open","sticky":false,"template":"","format":"standard","meta":{"footnotes":""},"categories":[92],"tags":[],"class_list":["post-8146","post","type-post","status-publish","format-standard","has-post-thumbnail","hentry","category-piel"],"yoast_head":"<!-- This site is optimized with the Yoast SEO Premium plugin v20.12 (Yoast SEO v27.3) - https:\/\/yoast.com\/product\/yoast-seo-premium-wordpress\/ -->\n<title>Tips de belleza para cuidar la piel del rostro en oto\u00f1o | ASHES TO LIFE<\/title>\n<meta name=\"description\" content=\"Tips para cuidar la piel del rostro en oto\u00f1o con cosm\u00e9tica ecol\u00f3gica. Luce una piel hidratada, humectada, reluciente y renovada. \u00a1Desc\u00fabrelo!\" \/>\n<meta name=\"robots\" content=\"index, follow, max-snippet:-1, max-image-preview:large, max-video-preview:-1\" \/>\n<link rel=\"canonical\" href=\"https:\/\/www.ashestolife.es\/en\/cuidar-la-piel-del-rostro-en-otono-con-cosmetica-ecologica\/\" \/>\n<meta property=\"og:locale\" content=\"en_US\" \/>\n<meta property=\"og:type\" content=\"article\" \/>\n<meta property=\"og:title\" content=\"CUIDAR LA PIEL DEL ROSTRO EN OTO\u00d1O CON COSM\u00c9TICA ECOL\u00d3GICA\" \/>\n<meta property=\"og:description\" content=\"Tips para cuidar la piel del rostro en oto\u00f1o con cosm\u00e9tica ecol\u00f3gica. Luce una piel hidratada, humectada, reluciente y renovada. \u00a1Desc\u00fabrelo!\" \/>\n<meta property=\"og:url\" content=\"https:\/\/www.ashestolife.es\/en\/cuidar-la-piel-del-rostro-en-otono-con-cosmetica-ecologica\/\" \/>\n<meta property=\"og:site_name\" content=\"ASHES TO LIFE\" \/>\n<meta property=\"article:publisher\" content=\"https:\/\/www.facebook.com\/ASHESTOLIFEproject\/\" \/>\n<meta property=\"article:published_time\" content=\"2022-09-04T09:33:21+00:00\" \/>\n<meta property=\"article:modified_time\" content=\"2026-03-30T22:12:13+00:00\" \/>\n<meta property=\"og:image\" content=\"https:\/\/www.ashestolife.es\/wp-content\/uploads\/2022\/09\/CUIDADAR_LA_PIEL_EN-OTONO_03.jpeg\" \/>\n\t<meta property=\"og:image:width\" content=\"770\" \/>\n\t<meta property=\"og:image:height\" content=\"500\" \/>\n\t<meta property=\"og:image:type\" content=\"image\/jpeg\" \/>\n<meta name=\"author\" content=\"ASHES TO LIFE\" \/>\n<meta name=\"twitter:card\" content=\"summary_large_image\" \/>\n<meta name=\"twitter:creator\" content=\"@ASHES_TO_LIFE\" \/>\n<meta name=\"twitter:site\" content=\"@ASHES_TO_LIFE\" \/>\n<meta name=\"twitter:label1\" content=\"Written by\" \/>\n\t<meta name=\"twitter:data1\" content=\"ASHES TO LIFE\" \/>\n\t<meta name=\"twitter:label2\" content=\"Est. reading time\" \/>\n\t<meta name=\"twitter:data2\" content=\"8 minutes\" \/>\n<!-- \/ Yoast SEO Premium plugin. -->","yoast_head_json":{"title":"Tips de belleza para cuidar la piel del rostro en oto\u00f1o | ASHES TO LIFE","description":"Tips para cuidar la piel del rostro en oto\u00f1o con cosm\u00e9tica ecol\u00f3gica. Luce una piel hidratada, humectada, reluciente y renovada. \u00a1Desc\u00fabrelo!","robots":{"index":"index","follow":"follow","max-snippet":"max-snippet:-1","max-image-preview":"max-image-preview:large","max-video-preview":"max-video-preview:-1"},"canonical":"https:\/\/www.ashestolife.es\/en\/cuidar-la-piel-del-rostro-en-otono-con-cosmetica-ecologica\/","og_locale":"en_US","og_type":"article","og_title":"CUIDAR LA PIEL DEL ROSTRO EN OTO\u00d1O CON COSM\u00c9TICA ECOL\u00d3GICA","og_description":"Tips para cuidar la piel del rostro en oto\u00f1o con cosm\u00e9tica ecol\u00f3gica. Luce una piel hidratada, humectada, reluciente y renovada. \u00a1Desc\u00fabrelo!","og_url":"https:\/\/www.ashestolife.es\/en\/cuidar-la-piel-del-rostro-en-otono-con-cosmetica-ecologica\/","og_site_name":"ASHES TO LIFE","article_publisher":"https:\/\/www.facebook.com\/ASHESTOLIFEproject\/","article_published_time":"2022-09-04T09:33:21+00:00","article_modified_time":"2026-03-30T22:12:13+00:00","og_image":[{"width":770,"height":500,"url":"https:\/\/www.ashestolife.es\/wp-content\/uploads\/2022\/09\/CUIDADAR_LA_PIEL_EN-OTONO_03.jpeg","type":"image\/jpeg"}],"author":"ASHES TO LIFE","twitter_card":"summary_large_image","twitter_creator":"@ASHES_TO_LIFE","twitter_site":"@ASHES_TO_LIFE","twitter_misc":{"Written by":"ASHES TO LIFE","Est. reading time":"8 minutes"},"schema":{"@context":"https:\/\/schema.org","@graph":[{"@type":"Article","@id":"https:\/\/www.ashestolife.es\/en\/cuidar-la-piel-del-rostro-en-otono-con-cosmetica-ecologica\/#article","isPartOf":{"@id":"https:\/\/www.ashestolife.es\/en\/cuidar-la-piel-del-rostro-en-otono-con-cosmetica-ecologica\/"},"author":{"name":"ASHES TO LIFE","@id":"https:\/\/www.ashestolife.es\/en\/#\/schema\/person\/ebba6d0311ff49795eaa6885895ece5b"},"headline":"CUIDAR LA PIEL DEL ROSTRO EN OTO\u00d1O CON COSM\u00c9TICA ECOL\u00d3GICA","datePublished":"2022-09-04T09:33:21+00:00","dateModified":"2026-03-30T22:12:13+00:00","mainEntityOfPage":{"@id":"https:\/\/www.ashestolife.es\/en\/cuidar-la-piel-del-rostro-en-otono-con-cosmetica-ecologica\/"},"wordCount":1933,"commentCount":0,"publisher":{"@id":"https:\/\/www.ashestolife.es\/en\/#organization"},"image":{"@id":"https:\/\/www.ashestolife.es\/en\/cuidar-la-piel-del-rostro-en-otono-con-cosmetica-ecologica\/#primaryimage"},"thumbnailUrl":"https:\/\/www.ashestolife.es\/wp-content\/uploads\/2022\/09\/CUIDADAR_LA_PIEL_EN-OTONO_03.jpeg","articleSection":["PIEL Y DERMATOLOG\u00cdA"],"inLanguage":"en-US","potentialAction":[{"@type":"CommentAction","name":"Comment","target":["https:\/\/www.ashestolife.es\/en\/cuidar-la-piel-del-rostro-en-otono-con-cosmetica-ecologica\/#respond"]}]},{"@type":"WebPage","@id":"https:\/\/www.ashestolife.es\/en\/cuidar-la-piel-del-rostro-en-otono-con-cosmetica-ecologica\/","url":"https:\/\/www.ashestolife.es\/en\/cuidar-la-piel-del-rostro-en-otono-con-cosmetica-ecologica\/","name":"Tips de belleza para cuidar la piel del rostro en oto\u00f1o | ASHES TO LIFE","isPartOf":{"@id":"https:\/\/www.ashestolife.es\/en\/#website"},"primaryImageOfPage":{"@id":"https:\/\/www.ashestolife.es\/en\/cuidar-la-piel-del-rostro-en-otono-con-cosmetica-ecologica\/#primaryimage"},"image":{"@id":"https:\/\/www.ashestolife.es\/en\/cuidar-la-piel-del-rostro-en-otono-con-cosmetica-ecologica\/#primaryimage"},"thumbnailUrl":"https:\/\/www.ashestolife.es\/wp-content\/uploads\/2022\/09\/CUIDADAR_LA_PIEL_EN-OTONO_03.jpeg","datePublished":"2022-09-04T09:33:21+00:00","dateModified":"2026-03-30T22:12:13+00:00","description":"Tips para cuidar la piel del rostro en oto\u00f1o con cosm\u00e9tica ecol\u00f3gica. Luce una piel hidratada, humectada, reluciente y renovada. \u00a1Desc\u00fabrelo!","breadcrumb":{"@id":"https:\/\/www.ashestolife.es\/en\/cuidar-la-piel-del-rostro-en-otono-con-cosmetica-ecologica\/#breadcrumb"},"inLanguage":"en-US","potentialAction":[{"@type":"ReadAction","target":["https:\/\/www.ashestolife.es\/en\/cuidar-la-piel-del-rostro-en-otono-con-cosmetica-ecologica\/"]}]},{"@type":"ImageObject","inLanguage":"en-US","@id":"https:\/\/www.ashestolife.es\/en\/cuidar-la-piel-del-rostro-en-otono-con-cosmetica-ecologica\/#primaryimage","url":"https:\/\/www.ashestolife.es\/wp-content\/uploads\/2022\/09\/CUIDADAR_LA_PIEL_EN-OTONO_03.jpeg","contentUrl":"https:\/\/www.ashestolife.es\/wp-content\/uploads\/2022\/09\/CUIDADAR_LA_PIEL_EN-OTONO_03.jpeg","width":770,"height":500},{"@type":"BreadcrumbList","@id":"https:\/\/www.ashestolife.es\/en\/cuidar-la-piel-del-rostro-en-otono-con-cosmetica-ecologica\/#breadcrumb","itemListElement":[{"@type":"ListItem","position":1,"name":"Environmental project","item":"https:\/\/www.ashestolife.es\/en\/"},{"@type":"ListItem","position":2,"name":"CUIDAR LA PIEL DEL ROSTRO EN OTO\u00d1O CON COSM\u00c9TICA ECOL\u00d3GICA"}]},{"@type":"WebSite","@id":"https:\/\/www.ashestolife.es\/en\/#website","url":"https:\/\/www.ashestolife.es\/en\/","name":"ASHES TO LIFE","description":"Cosm\u00e9tica Ecol\u00f3gica","publisher":{"@id":"https:\/\/www.ashestolife.es\/en\/#organization"},"potentialAction":[{"@type":"SearchAction","target":{"@type":"EntryPoint","urlTemplate":"https:\/\/www.ashestolife.es\/en\/?s={search_term_string}"},"query-input":{"@type":"PropertyValueSpecification","valueRequired":true,"valueName":"search_term_string"}}],"inLanguage":"en-US"},{"@type":"Organization","@id":"https:\/\/www.ashestolife.es\/en\/#organization","name":"ASHES TO LIFE","url":"https:\/\/www.ashestolife.es\/en\/","logo":{"@type":"ImageObject","inLanguage":"en-US","@id":"https:\/\/www.ashestolife.es\/en\/#\/schema\/logo\/image\/","url":"https:\/\/www.ashestolife.es\/wp-content\/uploads\/2018\/06\/Logo-2.jpg","contentUrl":"https:\/\/www.ashestolife.es\/wp-content\/uploads\/2018\/06\/Logo-2.jpg","width":1382,"height":1412,"caption":"ASHES TO LIFE"},"image":{"@id":"https:\/\/www.ashestolife.es\/en\/#\/schema\/logo\/image\/"},"sameAs":["https:\/\/www.facebook.com\/ASHESTOLIFEproject\/","https:\/\/x.com\/ASHES_TO_LIFE","https:\/\/www.instagram.com\/ashes_to_life_\/","https:\/\/www.linkedin.com\/company\/ashestolife","https:\/\/www.pinterest.es\/ashestolife\/","https:\/\/www.youtube.com\/channel\/UCme6IF0nbv0B6oAl9fagmRA"]},{"@type":"Person","@id":"https:\/\/www.ashestolife.es\/en\/#\/schema\/person\/ebba6d0311ff49795eaa6885895ece5b","name":"ASHES TO LIFE","image":{"@type":"ImageObject","inLanguage":"en-US","@id":"https:\/\/secure.gravatar.com\/avatar\/8033ad593ba6ae776e31c1adf7ba8b52c6d55fa7a2dbc115e9e2d89c5ac7d73f?s=96&d=mm&r=g","url":"https:\/\/secure.gravatar.com\/avatar\/8033ad593ba6ae776e31c1adf7ba8b52c6d55fa7a2dbc115e9e2d89c5ac7d73f?s=96&d=mm&r=g","contentUrl":"https:\/\/secure.gravatar.com\/avatar\/8033ad593ba6ae776e31c1adf7ba8b52c6d55fa7a2dbc115e9e2d89c5ac7d73f?s=96&d=mm&r=g","caption":"ASHES TO LIFE"},"description":"Queremos devolver a la vida los bosques incendiados transformando parte de sus cenizas en productos ecol\u00f3gicos. #CUIDATUPIELYLADELPLANETA","sameAs":["http:\/\/www.ashestolife.es"],"url":"https:\/\/www.ashestolife.es\/en\/author\/ashestolife\/"}]}},"_links":{"self":[{"href":"https:\/\/www.ashestolife.es\/en\/wp-json\/wp\/v2\/posts\/8146","targetHints":{"allow":["GET"]}}],"collection":[{"href":"https:\/\/www.ashestolife.es\/en\/wp-json\/wp\/v2\/posts"}],"about":[{"href":"https:\/\/www.ashestolife.es\/en\/wp-json\/wp\/v2\/types\/post"}],"author":[{"embeddable":true,"href":"https:\/\/www.ashestolife.es\/en\/wp-json\/wp\/v2\/users\/5"}],"replies":[{"embeddable":true,"href":"https:\/\/www.ashestolife.es\/en\/wp-json\/wp\/v2\/comments?post=8146"}],"version-history":[{"count":6,"href":"https:\/\/www.ashestolife.es\/en\/wp-json\/wp\/v2\/posts\/8146\/revisions"}],"predecessor-version":[{"id":8159,"href":"https:\/\/www.ashestolife.es\/en\/wp-json\/wp\/v2\/posts\/8146\/revisions\/8159"}],"wp:featuredmedia":[{"embeddable":true,"href":"https:\/\/www.ashestolife.es\/en\/wp-json\/wp\/v2\/media\/8149"}],"wp:attachment":[{"href":"https:\/\/www.ashestolife.es\/en\/wp-json\/wp\/v2\/media?parent=8146"}],"wp:term":[{"taxonomy":"category","embeddable":true,"href":"https:\/\/www.ashestolife.es\/en\/wp-json\/wp\/v2\/categories?post=8146"},{"taxonomy":"post_tag","embeddable":true,"href":"https:\/\/www.ashestolife.es\/en\/wp-json\/wp\/v2\/tags?post=8146"}],"curies":[{"name":"wp","href":"https:\/\/api.w.org\/{rel}","templated":true}]}}