{"id":8278,"date":"2022-12-05T07:33:12","date_gmt":"2022-12-05T06:33:12","guid":{"rendered":"https:\/\/www.ashestolife.es\/?p=8278"},"modified":"2026-03-31T00:12:01","modified_gmt":"2026-03-30T22:12:01","slug":"la-extraccion-de-arboles-tras-los-incendios-forestales","status":"publish","type":"post","link":"https:\/\/www.ashestolife.es\/en\/la-extraccion-de-arboles-tras-los-incendios-forestales\/","title":{"rendered":"LA EXTRACCI\u00d3N DE \u00c1RBOLES TRAS LOS INCENDIOS FORESTALES"},"content":{"rendered":"<p>Pese a que <strong>los trabajos de extracci\u00f3n de \u00e1rboles tras los incendios forestales y la retirada de troncos quemados<\/strong> es una pr\u00e1ctica muy extendida, esta acci\u00f3n <strong>genera importantes efectos negativos en la zona afectando tanto al suelo como a la posterior recuperaci\u00f3n de la biodiversidad del espacio<\/strong>. Por ello, resulta necesario que cualquier intervenci\u00f3n realizada en estas \u00e1reas \u2013especialmente vulnerables tras el incendio-, se haga siguiendo un protocolo de actuaci\u00f3n espec\u00edfico que plantee una estrategia de apoyo y seguimiento de la regeneraci\u00f3n natural.<\/p>\n<p>&nbsp;<\/p>\n<p>&nbsp;<\/p>\n<p>Los incendios forestales son una parte relevante de la historia de los ecosistemas en el pasado y el presente. <strong>El fuego, ha permitido la regeneraci\u00f3n de diversos ecosistemas y la producci\u00f3n de una serie de h\u00e1bitats en los que distintos organismos pueden prosperar<\/strong>.<\/p>\n<p>&nbsp;<\/p>\n<p>&nbsp;<\/p>\n<p>Pero este \u201cfuego que da vida\u201d, tiene tambi\u00e9n efectos altamente perjudiciales sobre el suelo como avanz\u00e1bamos en el art\u00edculo de este mismo blog \u201c<a href=\"https:\/\/www.ashestolife.es\/en\/el-suelo-el-gran-perjudicado-tras-los-incendios\/\"><strong>El suelo: el gran perjudicado tras los incendios<\/strong><\/a>\u201d. Estos <strong>da\u00f1os<\/strong>, que reproducimos nuevamente del citado art\u00edculo, son:<\/p>\n<p>&nbsp;<\/p>\n<ul>\n<li><strong>P\u00c9RDIDA DE MATERIA ORG\u00c1NICA<\/strong>: Debido a la combusti\u00f3n se produce una p\u00e9rdida importante de materia org\u00e1nica del suelo. Consecuentemente, se produce una desestabilizaci\u00f3n de los agregados, y una disgregaci\u00f3n progresiva de los mismos. La materia s\u00f3lida puede as\u00ed ser eliminada del suelo por la acci\u00f3n erosiva del agua de lluvia o del viento.<\/li>\n<li><strong>IMPERMEABILIZACI\u00d3N<\/strong>: Los incendios convierten el suelo permeable en hidr\u00f3fobo al alterar la composici\u00f3n molecular de la materia org\u00e1nica y la proporci\u00f3n de \u00e1cidos grasos de cadena larga. Esta modificaci\u00f3n favorece que los restos dejados por las llamas se mezclen posteriormente con el agua de lluvia y sean arrastrados hasta la costa, r\u00edos y acu\u00edferos contamin\u00e1ndolos y afectando as\u00ed a otras zonas, adem\u00e1s de a las perjudicadas directamente por los fuegos.<\/li>\n<li><strong>P\u00c9RDIDA DE FERTILIDAD<\/strong>: Si la p\u00e9rdida de suelo y de materia org\u00e1nica son elevados, produce en el suelo un empobrecimiento en nutrientes, haciendo que \u00e9ste pierda fertilidad.<\/li>\n<li><strong>P\u00c9RDIDA DE ACTIVIDAD BIOL\u00d3GICA<\/strong>: Muchos organismos mueren por la acci\u00f3n del calor, lo cual supone una disminuci\u00f3n de la actividad biol\u00f3gica del suelo. Esto, naturalmente, puede afectar negativamente a los <a href=\"https:\/\/concepto.de\/ciclos-biogeoquimicos\/\" target=\"_blank\" rel=\"noopener\">ciclos biogeoqu\u00edmicos<\/a> de numerosos elementos que dependen del conjunto de especies de plantas, animales y otros organismos que ocupan ese \u00e1rea del suelo.<\/li>\n<\/ul>\n<p>&nbsp;<\/p>\n<p>&nbsp;<\/p>\n<p><strong>Estos factores, hacen que el suelo est\u00e9 especialmente d\u00e9bil<\/strong>.\u00a0 De ah\u00ed que cualquier acci\u00f3n que se realice sobre el, incluida la extracci\u00f3n de \u00e1rboles tras los incendios forestales, pueda tener consecuencias dr\u00e1sticas en el entrono que dificulten adem\u00e1s, la posterior recuperaci\u00f3n del espacio. \u00a1Ve\u00e1moslas!.<\/p>\n<p>&nbsp;<\/p>\n<p>&nbsp;<\/p>\n<figure id=\"attachment_8281\" aria-describedby=\"caption-attachment-8281\" style=\"width: 770px\" class=\"wp-caption alignnone\"><a href=\"https:\/\/www.ashestolife.es\/en\/recuperar-los-bosques-tras-los-incendios\/\"><img loading=\"lazy\" decoding=\"async\" class=\"wp-image-8281 size-full\" title=\"Mantener los troncos quemados tras el incendio crea un ambiente m\u00e1s propicio para la regeneraci\u00f3n natural del monte | ASHES TO LIFE\" src=\"https:\/\/www.ashestolife.es\/wp-content\/uploads\/2022\/12\/EXTRACCION-DE-ARBOLES-TRAS-LOS-INCENDIOS_02.jpeg\" alt=\"La extracci\u00f3n de \u00e1rboles tras los incendios tiene consecuencias dr\u00e1sticas sobre el entrono que dificultan su regeneraci\u00f3n. Los Objetivos de las actuaciones post-incendio son: frenar la degradaci\u00f3n del suelo y reducir las p\u00e9rdidas de suelo y ceniza por erosi\u00f3n; favorecer la r\u00e1pida recuperaci\u00f3n del \u00e1rea quemada; Evitar da\u00f1os indirectos de los fuegos sobre zonas no quemadas (especialmente en las masas de agua); e intentar no afectar a las zonas perif\u00e9ricas no quemadas que actuar\u00e1n de reservorio para la biodiversidad.\" width=\"770\" height=\"500\" data-wp-editing=\"1\" srcset=\"https:\/\/www.ashestolife.es\/wp-content\/uploads\/2022\/12\/EXTRACCION-DE-ARBOLES-TRAS-LOS-INCENDIOS_02.jpeg 770w, https:\/\/www.ashestolife.es\/wp-content\/uploads\/2022\/12\/EXTRACCION-DE-ARBOLES-TRAS-LOS-INCENDIOS_02-250x162.jpeg 250w, https:\/\/www.ashestolife.es\/wp-content\/uploads\/2022\/12\/EXTRACCION-DE-ARBOLES-TRAS-LOS-INCENDIOS_02-768x499.jpeg 768w, https:\/\/www.ashestolife.es\/wp-content\/uploads\/2022\/12\/EXTRACCION-DE-ARBOLES-TRAS-LOS-INCENDIOS_02-370x241.jpeg 370w, https:\/\/www.ashestolife.es\/wp-content\/uploads\/2022\/12\/EXTRACCION-DE-ARBOLES-TRAS-LOS-INCENDIOS_02-670x435.jpeg 670w, https:\/\/www.ashestolife.es\/wp-content\/uploads\/2022\/12\/EXTRACCION-DE-ARBOLES-TRAS-LOS-INCENDIOS_02-600x390.jpeg 600w\" sizes=\"auto, (max-width: 770px) 100vw, 770px\" \/><\/a><figcaption id=\"caption-attachment-8281\" class=\"wp-caption-text\">La extracci\u00f3n de \u00e1rboles tras los incendios forestales y de madera quemada provoca que se elimine un legado biol\u00f3gico | ASHES TO LIFE<\/figcaption><\/figure>\n<p>&nbsp;<\/p>\n<p>&nbsp;<\/p>\n<h2>CONSECUENCIAS DE LA EXTRACCI\u00d3N DE \u00c1RBOLES TRAS LOS INCENDIOS FORESTALES<\/h2>\n<p>&nbsp;<\/p>\n<p>&nbsp;<\/p>\n<p>Tas los incendios forestales, frecuentemente se realizan labores de extracci\u00f3n de madera y \u00e1rboles quemados en pie. Pero <strong>estos trabajos de tala y extracci\u00f3n, no deben ser realizados de forma sist\u00e9mica<\/strong>. \u00danicamente deben realizarse cuando se constate el riesgo de expansi\u00f3n de plagas, de ca\u00edda de \u00e1rboles en lugares transitado o de una excesiva densidad de arbolado.<\/p>\n<p>&nbsp;<\/p>\n<p>&nbsp;<\/p>\n<p>Y es que<strong> la extracci\u00f3n de \u00e1rboles tras los incendios forestales y de madera quemada provoca<\/strong> <strong>que se elimine un legado biol\u00f3gico<\/strong> que aporta complejidad estructural y nutrientes al suelo, modifica las condiciones microclim\u00e1ticas, proporciona h\u00e1bitat a numerosas especies y, por consiguiente, favorece la regeneraci\u00f3n posterior al fuego.<\/p>\n<p>&nbsp;<\/p>\n<p>&nbsp;<\/p>\n<p>Por ello, seg\u00fan reflejan diversas investigaciones, <strong>esta tradicional pr\u00e1ctica de cortar y extraer tronos quemados dificulta considerablemente la posterior recuperaci\u00f3n de las superficies quemadas al causar distintos efectos negativos sobre el entorno<\/strong>. A saber:<\/p>\n<p>&nbsp;<\/p>\n<ul>\n<li><strong>EROSI\u00d3N DEL SUELO<\/strong>: Debido a la utilizaci\u00f3n de maquinaria pesada y las maniobras realizadas durante las labores de arrastre de los troncos, que podr\u00eda reducirse manteniendo los troncos.<\/li>\n<li><strong>ELIMINACI\u00d3N DE MATERIA ORG\u00c1NICA PARA EL SUELO<\/strong>: La madera quemada y troncos que se quedan en el suelo tras los incendios proporcionan nutrientes que sirven de alimento para hongos e invertebrados a la vez que aportan complejidad estructural.<\/li>\n<li><strong>DA\u00d1OS A LA FAUNA Y FLORA<\/strong>: Principalmente causa da\u00f1os a la fauna invertebrada, al banco de semillas de la zona y a las redes de micelios de hongos que hayan logrado sobrevivir al incendio.<\/li>\n<li><strong>DESTRUCCI\u00d3N DEL REGENERADO NATURAL<\/strong>: Tras el incendio, y en funci\u00f3n de la intensidad del fuego, numerosas especies comienzan a rebrotar. Su retirada, perjudica considerablemente la regeneraci\u00f3n posterior al incendio forestal.<\/li>\n<li><strong>REDUCE LA DISPERSI\u00d3N Y GERMINACI\u00d3N DE SEMILLAS<\/strong>: Los troncos quemados, sirven como posadero para distintas aves que colaboran en la dispersi\u00f3n y germinaci\u00f3n de semillas aut\u00f3ctonas que son las que pueden facilitar el establecimiento de nuevas pl\u00e1ntulas.<\/li>\n<\/ul>\n<p>&nbsp;<\/p>\n<p>&nbsp;<\/p>\n<div style=\"position: relative; padding-top: 50%;\"><iframe loading=\"lazy\" id=\"iframe12225\" class=\"resizelistener\" style=\"opacity: 1; visibility: inherit; display: block; position: absolute; top: 0; left: 0; width: 100%; height: 100%;\" src=\"https:\/\/www.youtube.com\/embed\/MF4aa4QAMnQ?version=3&amp;enablejsapi=1&amp;html5=1&amp;hd=1&amp;wmode=opaque&amp;showinfo=0&amp;rel=0;origin=https:\/\/www.ashestolife.es;&amp;controls=0&amp;playsinline=1\" width=\"100%\" height=\"100%\"><\/iframe><\/div>\n<p>&nbsp;<\/p>\n<p>&nbsp;<\/p>\n<p>&nbsp;<\/p>\n<h2>CONCLUSIONES<\/h2>\n<p>&nbsp;<\/p>\n<p>&nbsp;<\/p>\n<p>Dado que el objetivo principal es facilitar la recuperaci\u00f3n de las superficies forestales quemadas, los citados efectos negativos anteriormente citados que provocan la extracci\u00f3n de \u00e1rboles tras los incendios forestales, no hacen m\u00e1s que evidenciar que esta pr\u00e1ctica, no es recomendable.<\/p>\n<p>&nbsp;<\/p>\n<p>&nbsp;<\/p>\n<p>Resulta conveniente actuar siguiendo la aplicaci\u00f3n de protocolos de actuaci\u00f3n en zonas quemadas que planteen una estrategia a largo plazo de apoyo y seguimiento de la regeneraci\u00f3n natural del ecosistema, de ah\u00ed la trascendencia que tiene la materializaci\u00f3n de nuestro <strong>Proyecto de Investigaci\u00f3n Medioambiental ASHES TO LIFE Project<\/strong> con el que queremos devolver la vida a los bosques que han sufrido incendios a partir de sus propias cenizas.<\/p>\n<p>&nbsp;<\/p>\n<p>&nbsp;<\/p>\n<p>Evidentemente, esta aplicaci\u00f3n de protocolos de actuaci\u00f3n en zonas quemadas no implica descartar per se la extracci\u00f3n de \u00e1rboles tras los incendios forestales, pues \u00e9sta puede tener sentido en ocasiones puntuales como dec\u00edamos anteriormente (cuando se constate el riesgo de expansi\u00f3n de plagas, de ca\u00edda de \u00e1rboles en lugares transitado o de una excesiva densidad de arbolado \u2013caso de muchas repoblaciones de con\u00edferas-). Pero en caso de realizarla, <strong>conviene evaluar adecuadamente el impacto que el fuego ha tenido sobre el \u00e1rea afectada para determinar d\u00f3nde, c\u00f3mo y cu\u00e1ndo actuar<\/strong>.<\/p>\n<p>&nbsp;<\/p>\n<p>&nbsp;<\/p>\n<p>Como expon\u00edamos en el art\u00edculo \u201c<a href=\"https:\/\/www.ashestolife.es\/en\/recuperar-los-bosques-tras-los-incendios\/\"><strong>Recuperar los bosques tras los incendios<\/strong><\/a>\u201d, <strong>para acometer la restauraci\u00f3n de los ecosistemas da\u00f1ados y recuperar los bosques tras los incendios, se deben considerar tres horizontes temporales: corto, medio y largo plazo<\/strong>.<\/p>\n<p>&nbsp;<\/p>\n<p>&nbsp;<\/p>\n<p>Y en esta primera fase (corto plazo), lo prioritario es realizar solamente actuaciones de emergencia dirigidas a minimizar los da\u00f1os asociados al incendio, como por ejemplo la prevenci\u00f3n de p\u00e9rdidas de suelo por la erosi\u00f3n y la escorrent\u00eda cargada de ceniza. En este sentido, <strong>mantener los arboles y ramas quemadas<\/strong>, adem\u00e1s de evitar que se produzcan los citados da\u00f1os por su retirada, <strong>ayuda a proteger el delicado suelo<\/strong>.<\/p>\n<p>&nbsp;<\/p>\n<p>&nbsp;<\/p>\n<p>A modo de conclusi\u00f3n, conviene destacar que <strong>la correcta gesti\u00f3n post incendio debe realizarse siempre siguiendo un protocolo de actuaci\u00f3n espec\u00edfico que plantee una estrategia de apoyo y seguimiento de la regeneraci\u00f3n natural del espacio<\/strong>, pues facilitar\u00e1 la posterior recuperaci\u00f3n del ecosistema forestal da\u00f1ado. \u00bf<strong>Nos ayudas a desarrollar nuestro <\/strong><a href=\"https:\/\/www.ashestolife.es\/proyecto-medioambiental\/\"><strong>Proyecto de Investigaci\u00f3n Medioambiental ASHES TO LIFE Project<\/strong><\/a>? \u00bf<strong>Nos ayudas a crear vida de las cenizas<\/strong>?<\/p>\n<p>&nbsp;<\/p>\n<p>ASHES TO LIFE #CuidaTuPielYlaDelPlaneta<\/p>\n","protected":false},"excerpt":{"rendered":"<p>Pese a que los trabajos de extracci\u00f3n de \u00e1rboles tras los incendios forestales y la retirada de troncos quemados es una pr\u00e1ctica muy extendida, esta [&hellip;]<\/p>\n","protected":false},"author":5,"featured_media":8279,"comment_status":"open","ping_status":"open","sticky":false,"template":"","format":"standard","meta":{"footnotes":""},"categories":[2],"tags":[],"class_list":["post-8278","post","type-post","status-publish","format-standard","has-post-thumbnail","hentry","category-ashes-to-life-project"],"yoast_head":"<!-- This site is optimized with the Yoast SEO Premium plugin v20.12 (Yoast SEO v27.3) - https:\/\/yoast.com\/product\/yoast-seo-premium-wordpress\/ -->\n<title>Extracci\u00f3n de \u00e1rboles tras los incendios forestales | ASHES TO LIFE<\/title>\n<meta name=\"description\" content=\"La extracci\u00f3n de \u00e1rboles tras los incendios tiene consecuencias dr\u00e1sticas sobre el entrono que dificultan su regeneraci\u00f3n. \u00a1Desc\u00fabrelo!\" \/>\n<meta name=\"robots\" content=\"index, follow, max-snippet:-1, max-image-preview:large, max-video-preview:-1\" \/>\n<link rel=\"canonical\" href=\"https:\/\/www.ashestolife.es\/en\/la-extraccion-de-arboles-tras-los-incendios-forestales\/\" \/>\n<meta property=\"og:locale\" content=\"en_US\" \/>\n<meta property=\"og:type\" content=\"article\" \/>\n<meta property=\"og:title\" content=\"LA EXTRACCI\u00d3N DE \u00c1RBOLES TRAS LOS INCENDIOS FORESTALES\" \/>\n<meta property=\"og:description\" content=\"La extracci\u00f3n de \u00e1rboles tras los incendios tiene consecuencias dr\u00e1sticas sobre el entrono que dificultan su regeneraci\u00f3n. \u00a1Desc\u00fabrelo!\" \/>\n<meta property=\"og:url\" content=\"https:\/\/www.ashestolife.es\/en\/la-extraccion-de-arboles-tras-los-incendios-forestales\/\" \/>\n<meta property=\"og:site_name\" content=\"ASHES TO LIFE\" \/>\n<meta property=\"article:publisher\" content=\"https:\/\/www.facebook.com\/ASHESTOLIFEproject\/\" \/>\n<meta property=\"article:published_time\" content=\"2022-12-05T06:33:12+00:00\" \/>\n<meta property=\"article:modified_time\" content=\"2026-03-30T22:12:01+00:00\" \/>\n<meta property=\"og:image\" content=\"https:\/\/www.ashestolife.es\/wp-content\/uploads\/2022\/12\/EXTRACCION-DE-ARBOLES-TRAS-LOS-INCENDIOS_01.jpeg\" \/>\n\t<meta property=\"og:image:width\" content=\"770\" \/>\n\t<meta property=\"og:image:height\" content=\"500\" \/>\n\t<meta property=\"og:image:type\" content=\"image\/jpeg\" \/>\n<meta name=\"author\" content=\"ASHES TO LIFE\" \/>\n<meta name=\"twitter:card\" content=\"summary_large_image\" \/>\n<meta name=\"twitter:creator\" content=\"@ASHES_TO_LIFE\" \/>\n<meta name=\"twitter:site\" content=\"@ASHES_TO_LIFE\" \/>\n<meta name=\"twitter:label1\" content=\"Written by\" \/>\n\t<meta name=\"twitter:data1\" content=\"ASHES TO LIFE\" \/>\n\t<meta name=\"twitter:label2\" content=\"Est. reading time\" \/>\n\t<meta name=\"twitter:data2\" content=\"6 minutes\" \/>\n<!-- \/ Yoast SEO Premium plugin. -->","yoast_head_json":{"title":"Extracci\u00f3n de \u00e1rboles tras los incendios forestales | ASHES TO LIFE","description":"La extracci\u00f3n de \u00e1rboles tras los incendios tiene consecuencias dr\u00e1sticas sobre el entrono que dificultan su regeneraci\u00f3n. \u00a1Desc\u00fabrelo!","robots":{"index":"index","follow":"follow","max-snippet":"max-snippet:-1","max-image-preview":"max-image-preview:large","max-video-preview":"max-video-preview:-1"},"canonical":"https:\/\/www.ashestolife.es\/en\/la-extraccion-de-arboles-tras-los-incendios-forestales\/","og_locale":"en_US","og_type":"article","og_title":"LA EXTRACCI\u00d3N DE \u00c1RBOLES TRAS LOS INCENDIOS FORESTALES","og_description":"La extracci\u00f3n de \u00e1rboles tras los incendios tiene consecuencias dr\u00e1sticas sobre el entrono que dificultan su regeneraci\u00f3n. \u00a1Desc\u00fabrelo!","og_url":"https:\/\/www.ashestolife.es\/en\/la-extraccion-de-arboles-tras-los-incendios-forestales\/","og_site_name":"ASHES TO LIFE","article_publisher":"https:\/\/www.facebook.com\/ASHESTOLIFEproject\/","article_published_time":"2022-12-05T06:33:12+00:00","article_modified_time":"2026-03-30T22:12:01+00:00","og_image":[{"width":770,"height":500,"url":"https:\/\/www.ashestolife.es\/wp-content\/uploads\/2022\/12\/EXTRACCION-DE-ARBOLES-TRAS-LOS-INCENDIOS_01.jpeg","type":"image\/jpeg"}],"author":"ASHES TO LIFE","twitter_card":"summary_large_image","twitter_creator":"@ASHES_TO_LIFE","twitter_site":"@ASHES_TO_LIFE","twitter_misc":{"Written by":"ASHES TO LIFE","Est. reading time":"6 minutes"},"schema":{"@context":"https:\/\/schema.org","@graph":[{"@type":"Article","@id":"https:\/\/www.ashestolife.es\/en\/la-extraccion-de-arboles-tras-los-incendios-forestales\/#article","isPartOf":{"@id":"https:\/\/www.ashestolife.es\/en\/la-extraccion-de-arboles-tras-los-incendios-forestales\/"},"author":{"name":"ASHES TO LIFE","@id":"https:\/\/www.ashestolife.es\/en\/#\/schema\/person\/ebba6d0311ff49795eaa6885895ece5b"},"headline":"LA EXTRACCI\u00d3N DE \u00c1RBOLES TRAS LOS INCENDIOS FORESTALES","datePublished":"2022-12-05T06:33:12+00:00","dateModified":"2026-03-30T22:12:01+00:00","mainEntityOfPage":{"@id":"https:\/\/www.ashestolife.es\/en\/la-extraccion-de-arboles-tras-los-incendios-forestales\/"},"wordCount":1297,"commentCount":0,"publisher":{"@id":"https:\/\/www.ashestolife.es\/en\/#organization"},"image":{"@id":"https:\/\/www.ashestolife.es\/en\/la-extraccion-de-arboles-tras-los-incendios-forestales\/#primaryimage"},"thumbnailUrl":"https:\/\/www.ashestolife.es\/wp-content\/uploads\/2022\/12\/EXTRACCION-DE-ARBOLES-TRAS-LOS-INCENDIOS_01.jpeg","articleSection":["ASHES TO LIFE PROJECT"],"inLanguage":"en-US","potentialAction":[{"@type":"CommentAction","name":"Comment","target":["https:\/\/www.ashestolife.es\/en\/la-extraccion-de-arboles-tras-los-incendios-forestales\/#respond"]}]},{"@type":"WebPage","@id":"https:\/\/www.ashestolife.es\/en\/la-extraccion-de-arboles-tras-los-incendios-forestales\/","url":"https:\/\/www.ashestolife.es\/en\/la-extraccion-de-arboles-tras-los-incendios-forestales\/","name":"Extracci\u00f3n de \u00e1rboles tras los incendios forestales | ASHES TO LIFE","isPartOf":{"@id":"https:\/\/www.ashestolife.es\/en\/#website"},"primaryImageOfPage":{"@id":"https:\/\/www.ashestolife.es\/en\/la-extraccion-de-arboles-tras-los-incendios-forestales\/#primaryimage"},"image":{"@id":"https:\/\/www.ashestolife.es\/en\/la-extraccion-de-arboles-tras-los-incendios-forestales\/#primaryimage"},"thumbnailUrl":"https:\/\/www.ashestolife.es\/wp-content\/uploads\/2022\/12\/EXTRACCION-DE-ARBOLES-TRAS-LOS-INCENDIOS_01.jpeg","datePublished":"2022-12-05T06:33:12+00:00","dateModified":"2026-03-30T22:12:01+00:00","description":"La extracci\u00f3n de \u00e1rboles tras los incendios tiene consecuencias dr\u00e1sticas sobre el entrono que dificultan su regeneraci\u00f3n. \u00a1Desc\u00fabrelo!","breadcrumb":{"@id":"https:\/\/www.ashestolife.es\/en\/la-extraccion-de-arboles-tras-los-incendios-forestales\/#breadcrumb"},"inLanguage":"en-US","potentialAction":[{"@type":"ReadAction","target":["https:\/\/www.ashestolife.es\/en\/la-extraccion-de-arboles-tras-los-incendios-forestales\/"]}]},{"@type":"ImageObject","inLanguage":"en-US","@id":"https:\/\/www.ashestolife.es\/en\/la-extraccion-de-arboles-tras-los-incendios-forestales\/#primaryimage","url":"https:\/\/www.ashestolife.es\/wp-content\/uploads\/2022\/12\/EXTRACCION-DE-ARBOLES-TRAS-LOS-INCENDIOS_01.jpeg","contentUrl":"https:\/\/www.ashestolife.es\/wp-content\/uploads\/2022\/12\/EXTRACCION-DE-ARBOLES-TRAS-LOS-INCENDIOS_01.jpeg","width":770,"height":500},{"@type":"BreadcrumbList","@id":"https:\/\/www.ashestolife.es\/en\/la-extraccion-de-arboles-tras-los-incendios-forestales\/#breadcrumb","itemListElement":[{"@type":"ListItem","position":1,"name":"Environmental project","item":"https:\/\/www.ashestolife.es\/en\/"},{"@type":"ListItem","position":2,"name":"LA EXTRACCI\u00d3N DE \u00c1RBOLES TRAS LOS INCENDIOS FORESTALES"}]},{"@type":"WebSite","@id":"https:\/\/www.ashestolife.es\/en\/#website","url":"https:\/\/www.ashestolife.es\/en\/","name":"ASHES TO LIFE","description":"Cosm\u00e9tica Ecol\u00f3gica","publisher":{"@id":"https:\/\/www.ashestolife.es\/en\/#organization"},"potentialAction":[{"@type":"SearchAction","target":{"@type":"EntryPoint","urlTemplate":"https:\/\/www.ashestolife.es\/en\/?s={search_term_string}"},"query-input":{"@type":"PropertyValueSpecification","valueRequired":true,"valueName":"search_term_string"}}],"inLanguage":"en-US"},{"@type":"Organization","@id":"https:\/\/www.ashestolife.es\/en\/#organization","name":"ASHES TO LIFE","url":"https:\/\/www.ashestolife.es\/en\/","logo":{"@type":"ImageObject","inLanguage":"en-US","@id":"https:\/\/www.ashestolife.es\/en\/#\/schema\/logo\/image\/","url":"https:\/\/www.ashestolife.es\/wp-content\/uploads\/2018\/06\/Logo-2.jpg","contentUrl":"https:\/\/www.ashestolife.es\/wp-content\/uploads\/2018\/06\/Logo-2.jpg","width":1382,"height":1412,"caption":"ASHES TO LIFE"},"image":{"@id":"https:\/\/www.ashestolife.es\/en\/#\/schema\/logo\/image\/"},"sameAs":["https:\/\/www.facebook.com\/ASHESTOLIFEproject\/","https:\/\/x.com\/ASHES_TO_LIFE","https:\/\/www.instagram.com\/ashes_to_life_\/","https:\/\/www.linkedin.com\/company\/ashestolife","https:\/\/www.pinterest.es\/ashestolife\/","https:\/\/www.youtube.com\/channel\/UCme6IF0nbv0B6oAl9fagmRA"]},{"@type":"Person","@id":"https:\/\/www.ashestolife.es\/en\/#\/schema\/person\/ebba6d0311ff49795eaa6885895ece5b","name":"ASHES TO LIFE","image":{"@type":"ImageObject","inLanguage":"en-US","@id":"https:\/\/secure.gravatar.com\/avatar\/8033ad593ba6ae776e31c1adf7ba8b52c6d55fa7a2dbc115e9e2d89c5ac7d73f?s=96&d=mm&r=g","url":"https:\/\/secure.gravatar.com\/avatar\/8033ad593ba6ae776e31c1adf7ba8b52c6d55fa7a2dbc115e9e2d89c5ac7d73f?s=96&d=mm&r=g","contentUrl":"https:\/\/secure.gravatar.com\/avatar\/8033ad593ba6ae776e31c1adf7ba8b52c6d55fa7a2dbc115e9e2d89c5ac7d73f?s=96&d=mm&r=g","caption":"ASHES TO LIFE"},"description":"Queremos devolver a la vida los bosques incendiados transformando parte de sus cenizas en productos ecol\u00f3gicos. #CUIDATUPIELYLADELPLANETA","sameAs":["http:\/\/www.ashestolife.es"],"url":"https:\/\/www.ashestolife.es\/en\/author\/ashestolife\/"}]}},"_links":{"self":[{"href":"https:\/\/www.ashestolife.es\/en\/wp-json\/wp\/v2\/posts\/8278","targetHints":{"allow":["GET"]}}],"collection":[{"href":"https:\/\/www.ashestolife.es\/en\/wp-json\/wp\/v2\/posts"}],"about":[{"href":"https:\/\/www.ashestolife.es\/en\/wp-json\/wp\/v2\/types\/post"}],"author":[{"embeddable":true,"href":"https:\/\/www.ashestolife.es\/en\/wp-json\/wp\/v2\/users\/5"}],"replies":[{"embeddable":true,"href":"https:\/\/www.ashestolife.es\/en\/wp-json\/wp\/v2\/comments?post=8278"}],"version-history":[{"count":4,"href":"https:\/\/www.ashestolife.es\/en\/wp-json\/wp\/v2\/posts\/8278\/revisions"}],"predecessor-version":[{"id":8307,"href":"https:\/\/www.ashestolife.es\/en\/wp-json\/wp\/v2\/posts\/8278\/revisions\/8307"}],"wp:featuredmedia":[{"embeddable":true,"href":"https:\/\/www.ashestolife.es\/en\/wp-json\/wp\/v2\/media\/8279"}],"wp:attachment":[{"href":"https:\/\/www.ashestolife.es\/en\/wp-json\/wp\/v2\/media?parent=8278"}],"wp:term":[{"taxonomy":"category","embeddable":true,"href":"https:\/\/www.ashestolife.es\/en\/wp-json\/wp\/v2\/categories?post=8278"},{"taxonomy":"post_tag","embeddable":true,"href":"https:\/\/www.ashestolife.es\/en\/wp-json\/wp\/v2\/tags?post=8278"}],"curies":[{"name":"wp","href":"https:\/\/api.w.org\/{rel}","templated":true}]}}